{"id":1028,"date":"2011-07-15T19:07:34","date_gmt":"2011-07-15T17:07:34","guid":{"rendered":"http:\/\/snalsfrosinone.it\/?p=1028"},"modified":"2011-07-16T19:10:11","modified_gmt":"2011-07-16T17:10:11","slug":"manovra-finanziaria-un-atto-dovuto-al-paese-con-alto-senso-di-responsabilita","status":"publish","type":"post","link":"https:\/\/www.snalsfrosinone.it\/?p=1028","title":{"rendered":"Manovra Finanziaria: un atto dovuto al paese con alto senso di responsabilit\u00e0"},"content":{"rendered":"<p style=\"text-align: justify;\">Ai fini informativi si riporta, di seguito,\u00a0<strong>l\u2019editoriale del Segretario Generale cheverr\u00e0\u00a0pubblicato sul prossimo numero dell\u2019organo di stampa della nostra Confederazione: \u201cConfsal, Societ\u00e0, Cultura, Lavoro\u201d\u00a0<\/strong>(13 luglio 2011).<strong><\/strong><\/p>\n<p style=\"text-align: justify;\"><strong>\u00a0<!--more--><\/strong><\/p>\n<p style=\"text-align: justify;\"><strong>\u00a0<\/strong><\/p>\n<p style=\"text-align: center;\" align=\"center\"><strong>IMPROROGABILI\u00a0\u00a0LE\u00a0\u00a0RIFORME\u00a0\u00a0STRUTTURALI<\/strong><\/p>\n<p style=\"text-align: center;\" align=\"center\">MANOVRA FINANZIARIA<\/p>\n<p style=\"text-align: center;\" align=\"center\">UN ATTO DOVUTO AL PAESE CON ALTO SENSO DI RESPONSABILITA\u2019<\/p>\n<p style=\"text-align: center;\" align=\"center\"><em>\u00a0<\/em><\/p>\n<p style=\"text-align: center;\" align=\"center\"><em>di<\/em><em>\u00a0<\/em><em>Marco Paolo\u00a0Nigi<\/em><em><\/em><\/p>\n<p style=\"text-align: justify;\" align=\"center\"><em>\u00a0<\/em><\/p>\n<p style=\"text-align: justify;\">E\u2019 il momento della seriet\u00e0 e della responsabilit\u00e0, ma anche dell\u2019equit\u00e0 e della coesione sociale, quali valori indispensabili per superare la difficile prova delle turbolenze di mercato e della\u00a0\u00a0\u201cspeculazione finanziaria\u201d.<\/p>\n<p style=\"text-align: justify;\">E\u2019 questo,\u00a0in sintesi, la valutazione politico-sindacale\u00a0della\u00a0Confsal, in linea con i profondi e lungimiranti messaggi del Presidente della Repubblica, Giorgio\u00a0Napolitano\u00a0e del suo autorevole predecessore, Carlo Azeglio\u00a0Ciampi.<\/p>\n<p style=\"text-align: justify;\">Il Governo,\u00a0\u00a0il 30 giugno scorso, ha varato un Decreto-Legge\u00a0successivamentepubblicato sulla Gazzetta Ufficiale n. 155 del 6 luglio 2011 con il n. 98<em>\u201cDisposizioni urgenti per la stabilizzazione finanziaria\u201d\u00a0<\/em>e ha approvato lo schema della Delega sulla\u00a0<em>\u201cRiforma fiscale e assistenziale\u201d.<\/em><\/p>\n<p style=\"text-align: justify;\">La\u00a0Confsal, dopo aver approfondito con le sue Federazioni, i contenuti dei due documenti, esprime una valutazione articolata e problematica in pi\u00f9 punti:<\/p>\n<ul>\n<li>valuta\u00a0positivamente l\u2019emanazione di una\u00a0Legge-delega\u00a0di una riforma fiscale orientata a sollevare dell\u2019attuale insostenibile peso fiscale i lavoratori, i pensionati e le famiglie, a combattere con misure pi\u00f9 efficaci l\u2019evasione e l\u2019elusione\u00a0fiscale e a sostenere la crescita economica e occupazionale;<\/li>\n<li>esprime\u00a0condivisione per il raggiungimento dell\u2019obiettivo del pareggio di bilancio,\u00a0\u00a0ovvero dell\u2019azzeramento del deficit pubblico, per il\u00a02014 in\u00a0linea con le direttive dell\u2019Unione Europea e con gli impegni che ha assunto l\u2019Italia, sempre a livello Europeo, con il Documento economico-finanziario di aprile 2011;<\/li>\n<li>ritiene\u00a0indispensabile l\u2019approvazione della manovra in tempi brevi e comunque utili per non lasciare ulteriore spazio alla speculazione finanziaria in atto;<\/li>\n<li>individua\u00a0\u201csignificative\u201d iniquit\u00e0 sociali\u00a0\u00a0nel testo del decreto legge ed interpreta il diffuso disagio dei lavoratori, dei pensionati e delle famiglie.<\/li>\n<\/ul>\n<p style=\"text-align: justify;\">Pertanto,\u00a0in relazione al\u00a0decreto legge, la\u00a0Confsal\u00a0propone, tra l\u2019altro, i seguenti emendamenti:<\/p>\n<ul>\n<li>l\u2019eliminazione della proroga dei trattamenti economici per i dipendenti pubblici fino al 2014 e la revisione, secondo il fabbisogno delle pubbliche amministrazioni, del blocco del turn-over del pubblico impiego a tutto il 2014;<\/li>\n<li>la\u00a0valorizzazione della contrattazione integrativa decentrata finalizzata a destinare ai lavoratori pubblici il 50% dei risparmi di gestione delle pubbliche amministrazioni ed a elevare, attraverso la\u00a0premialit\u00e0, la produttivit\u00e0 del lavoro pubblico, creando cos\u00ec le condizioni per il reperimento delle risorse per finanziare il rinnovo dei contratti pubblici nazionali in tempi raccordati con la sostenibilit\u00e0 sociale dei lavoratori del settore;<\/li>\n<li>la\u00a0rimodulazione della riduzione della rivalutazione delle pensioni, interessando, se proprio inevitabile, soltanto gli \u201cassegni\u201d molto elevati;<\/li>\n<li>la\u00a0riduzione dei trasferimenti alle Regioni e agli Enti Locali in relazione ai costi standard deve necessariamente tener conto della legittima salvaguardia dei livelli essenziali dei servizi pubblici primari erogati a livello locale;<\/li>\n<li>l\u2019avvio immediato della riduzione dei costi della politica, modificando l\u2019incomprensibile differimento;<\/li>\n<li>l\u2019anticipazione della tassazione del 20% delle rendite finanziarie, con esclusione dei titoli pubblici,\u00a0\u00a0e l\u2019introduzione in tempi brevi, a seguito di patto europeo, della tassazione delle transazioni finanziarie;<\/li>\n<li>la\u00a0previsione della\u00a0detassazione\u00a0\u201cuniversale\u201d, sia per il settore privato che per quello pubblico, delle retribuzioni di produttivit\u00e0;<\/li>\n<li>il\u00a0mantenimento degli stanziamenti per le infrastrutture, per le reti e per le aree\u00a0sottoutilizzate, con particolare riferimento al Mezzogiorno.<\/li>\n<\/ul>\n<p style=\"text-align: justify;\">La\u00a0Confsal, per\u00f2, non si limita a valutare con responsabilit\u00e0 il difficile momento che sta attraversando il Paese e a dare conseguentemente il suo consueto contributo con proposte concrete al Governo, al Parlamento e a tutte le Istituzioni pubbliche, ma sente il dovere di sostenere ancora una volta che una \u201cquestua pro-tesoro\u201d, peraltro con diffusi elementi\u00a0di\u00a0iniquit\u00e0, pu\u00f2 essere sufficiente per superare oggi gli effetti di una speculazione finanziaria, ma non pu\u00f2 certamente aprire serie prospettive di sviluppo sociale,\u00a0\u00a0economico e occupazionale al Paese.<\/p>\n<p style=\"text-align: justify;\">Per la\u00a0Confsal, se non si operano tagli alla spesa strutturale improduttiva con profonde e organiche riforme, superando l\u2019iniqua e non pi\u00f9 proponibile pratica dei tagli lineari e diffusi, non si combatte seriamente l\u2019evasione fiscale e contributiva e non\u00a0si\u00a0investe nei settori strategici dello sviluppo, con particolare riferimento al \u201ccapitale\u201d umano e professionale (formazione e ricerca), il Paese non potr\u00e0 crescere al livello dell\u2019Eurozona\u00a0e soprattutto non potr\u00e0 continuare ad avere il ruolo preminente, che la storia e l\u2019esperienza politica le hanno assegnato, nell\u2019Unione Europea.<\/p>\n<p style=\"text-align: justify;\">Il Governo, oggi, chiede giustamente alla Politica, alle Istituzioni, alle Parti sociali e a tutto il\u00a0Paese un\u00a0alto senso di responsabilit\u00e0 per superare rapidamente l\u2019emergenza dovuta alla speculazione. Per la\u00a0Confsal\u00a0l\u2019atto di responsabilit\u00e0 \u00e8 dovuto soprattutto al Paese e al futuro delle giovani generazioni, ma tiene a ribadire che nel prossimo futuro il Governo della Repubblica Italiana deve sapere fin d\u2019ora che la strada da seguire non deve essere quella di una sequenza di manovre finanziarie per rincorrere gli effetti delle mancate riforme, bens\u00ec quella delle immediate riforme strutturali.<\/p>\n<p style=\"text-align: justify;\">La\u00a0Confsal\u00a0rilancia ancora una volta le sue proposte sulle riforme\u00a0dell\u2019economia, della finanza pubblica e del fisco, della politica e dell\u2019organizzazione del lavoro privato e pubblico ed \u00e8 su questi ed altri importanti temi che chiede un franco e fattivo confronto alle istituzioni e alle altre parti sociali, a cominciare dal giorno successivo alla necessaria e,\u00a0\u00a0si auspica, imminente approvazione della manovra finanziaria<strong><\/strong><\/p>\n<p style=\"text-align: justify;\">\n","protected":false},"excerpt":{"rendered":"<p>Ai fini informativi si riporta, di seguito,\u00a0l\u2019editoriale del Segretario Generale cheverr\u00e0\u00a0pubblicato sul prossimo numero dell\u2019organo di stampa della nostra Confederazione: \u201cConfsal, Societ\u00e0, Cultura, Lavoro\u201d\u00a0(13 luglio 2011). \u00a0<\/p>\n","protected":false},"author":1,"featured_media":0,"comment_status":"closed","ping_status":"closed","sticky":false,"template":"","format":"standard","meta":{"footnotes":""},"categories":[34],"tags":[],"class_list":["post-1028","post","type-post","status-publish","format-standard","hentry","category-economia-finanza-lavoro"],"_links":{"self":[{"href":"https:\/\/www.snalsfrosinone.it\/index.php?rest_route=\/wp\/v2\/posts\/1028","targetHints":{"allow":["GET"]}}],"collection":[{"href":"https:\/\/www.snalsfrosinone.it\/index.php?rest_route=\/wp\/v2\/posts"}],"about":[{"href":"https:\/\/www.snalsfrosinone.it\/index.php?rest_route=\/wp\/v2\/types\/post"}],"author":[{"embeddable":true,"href":"https:\/\/www.snalsfrosinone.it\/index.php?rest_route=\/wp\/v2\/users\/1"}],"replies":[{"embeddable":true,"href":"https:\/\/www.snalsfrosinone.it\/index.php?rest_route=%2Fwp%2Fv2%2Fcomments&post=1028"}],"version-history":[{"count":1,"href":"https:\/\/www.snalsfrosinone.it\/index.php?rest_route=\/wp\/v2\/posts\/1028\/revisions"}],"predecessor-version":[{"id":1029,"href":"https:\/\/www.snalsfrosinone.it\/index.php?rest_route=\/wp\/v2\/posts\/1028\/revisions\/1029"}],"wp:attachment":[{"href":"https:\/\/www.snalsfrosinone.it\/index.php?rest_route=%2Fwp%2Fv2%2Fmedia&parent=1028"}],"wp:term":[{"taxonomy":"category","embeddable":true,"href":"https:\/\/www.snalsfrosinone.it\/index.php?rest_route=%2Fwp%2Fv2%2Fcategories&post=1028"},{"taxonomy":"post_tag","embeddable":true,"href":"https:\/\/www.snalsfrosinone.it\/index.php?rest_route=%2Fwp%2Fv2%2Ftags&post=1028"}],"curies":[{"name":"wp","href":"https:\/\/api.w.org\/{rel}","templated":true}]}}