{"id":1068,"date":"2011-07-21T09:34:29","date_gmt":"2011-07-21T07:34:29","guid":{"rendered":"http:\/\/snalsfrosinone.it\/?p=1068"},"modified":"2011-07-24T10:05:09","modified_gmt":"2011-07-24T08:05:09","slug":"amministrativi-corso-concorso","status":"publish","type":"post","link":"https:\/\/www.snalsfrosinone.it\/?p=1068","title":{"rendered":"Amministrativi &#8211; Corso-concorso"},"content":{"rendered":"<p style=\"text-align: justify;\">Il 7 luglio u.s. \u00e8 stato firmato il D.P.C.M. che autorizza le assunzioni e i trattenimenti in servizio, per l\u2019anno 2011, per tutte le Amministrazioni individuate dalle vigenti normative,\u00a0 a partire dalla Legge 296\/06. Tale Decreto,\u00a0 dispone le assunzioni di personale a tempo indeterminato nel limite di un contingente complessivamente corrispondente ad una spesa pari al 20% di quella relativa al personale cessato nell\u2019anno precedente.<!--more--><\/p>\n<p style=\"text-align: justify;\">Relativamente al MIUR, il Decreto prevede:<\/p>\n<ul style=\"text-align: justify;\">\n<li>n. 451 posti da destinare alle progressioni verticali relative al corso- concorso;<\/li>\n<li>trasformazioni di contratti da part-time a full-time di n. 10 unit\u00e0 di personale proveniente da graduatorie pregresse relative a procedure concorsuali assunto da pi\u00f9 di 4 anni;<\/li>\n<li>n. 122 assunzioni a tempo indeterminato dei vincitori del concorso esterno per C 1;<\/li>\n<li>n. 1 trattenimento in servizio del Direttore Scolastico Regionale della Regione Lombardia.<\/li>\n<\/ul>\n<p style=\"text-align: justify;\">Il D.P.C.M., previa registrazione da parte della Corte dei Conti, sar\u00e0 pubblicato nella G.U.<\/p>\n<p style=\"text-align: justify;\">A settembre, quindi, si proceder\u00e0 alla sottoscrizione dei contratti presso le Direzioni Generali di appartenenza.<\/p>\n<p style=\"text-align: justify;\">Dopo 10 anni dal CCNI che contemplava tale procedura, giunge al termine un travagliato percorso sindacale e personale di tutti i colleghi che hanno vissuto sulle loro spalle un concorso il quale non ha reso giustizia a quei dipendenti che tutti i giorni, con grande professionalit\u00e0, pongono in essere adempimenti sempre pi\u00f9 farraginosi e complessi, e che, purtroppo, non sono stati cos\u00ec fortunati\u00a0 da\u00a0 essere annoverati\u00a0 tra i\u00a0 451 vincitori.<\/p>\n<p style=\"text-align: justify;\">Tale inquadramento consentir\u00e0, soprattutto ai colleghi della periferia, di ottenere finalmente un riconoscimento giuridico\u00a0 per il\u00a0 lavoro che giornalmente e impropriamente svolgono da anni e che qualche dirigente dell\u2019ultima ora intenderebbe\u00a0 \u201cscippare\u201d\u00a0 e consegnare ai \u201ccapi\u201d.<\/p>\n","protected":false},"excerpt":{"rendered":"<p>Il 7 luglio u.s. \u00e8 stato firmato il D.P.C.M. che autorizza le assunzioni e i trattenimenti in servizio, per l\u2019anno 2011, per tutte le Amministrazioni individuate dalle vigenti normative,\u00a0 a partire dalla Legge 296\/06. Tale Decreto,\u00a0 dispone le assunzioni di personale a tempo indeterminato nel limite di un contingente complessivamente corrispondente ad una spesa pari [&hellip;]<\/p>\n","protected":false},"author":1,"featured_media":0,"comment_status":"closed","ping_status":"closed","sticky":false,"template":"","format":"standard","meta":{"footnotes":""},"categories":[12],"tags":[],"class_list":["post-1068","post","type-post","status-publish","format-standard","hentry","category-ultime-notizie"],"_links":{"self":[{"href":"https:\/\/www.snalsfrosinone.it\/index.php?rest_route=\/wp\/v2\/posts\/1068","targetHints":{"allow":["GET"]}}],"collection":[{"href":"https:\/\/www.snalsfrosinone.it\/index.php?rest_route=\/wp\/v2\/posts"}],"about":[{"href":"https:\/\/www.snalsfrosinone.it\/index.php?rest_route=\/wp\/v2\/types\/post"}],"author":[{"embeddable":true,"href":"https:\/\/www.snalsfrosinone.it\/index.php?rest_route=\/wp\/v2\/users\/1"}],"replies":[{"embeddable":true,"href":"https:\/\/www.snalsfrosinone.it\/index.php?rest_route=%2Fwp%2Fv2%2Fcomments&post=1068"}],"version-history":[{"count":3,"href":"https:\/\/www.snalsfrosinone.it\/index.php?rest_route=\/wp\/v2\/posts\/1068\/revisions"}],"predecessor-version":[{"id":1085,"href":"https:\/\/www.snalsfrosinone.it\/index.php?rest_route=\/wp\/v2\/posts\/1068\/revisions\/1085"}],"wp:attachment":[{"href":"https:\/\/www.snalsfrosinone.it\/index.php?rest_route=%2Fwp%2Fv2%2Fmedia&parent=1068"}],"wp:term":[{"taxonomy":"category","embeddable":true,"href":"https:\/\/www.snalsfrosinone.it\/index.php?rest_route=%2Fwp%2Fv2%2Fcategories&post=1068"},{"taxonomy":"post_tag","embeddable":true,"href":"https:\/\/www.snalsfrosinone.it\/index.php?rest_route=%2Fwp%2Fv2%2Ftags&post=1068"}],"curies":[{"name":"wp","href":"https:\/\/api.w.org\/{rel}","templated":true}]}}