{"id":1074,"date":"2011-07-21T09:35:31","date_gmt":"2011-07-21T07:35:31","guid":{"rendered":"http:\/\/snalsfrosinone.it\/?p=1074"},"modified":"2011-07-24T09:57:37","modified_gmt":"2011-07-24T07:57:37","slug":"afam-mobilita","status":"publish","type":"post","link":"https:\/\/www.snalsfrosinone.it\/?p=1074","title":{"rendered":"A.F.A.M. &#8211; Mobilit\u00e0"},"content":{"rendered":"<p style=\"text-align: justify;\">Nella riunione di ieri tenutasi all\u2019Aran, ferme restando le problematiche sorte in relazione alla possibilit\u00e0 di regolamentare forme e procedure diverse di mobilit\u00e0, si \u00e8 convenuto di aprire sull\u2019argomento un tavolo tecnico a settembre.<\/p>\n<p style=\"text-align: justify;\">Per l\u2019A.A. 2011\/2012 dovrebbero, dunque, essere confermate le modalit\u00e0 finora\u00a0 applicate sulla base del relativo Contratto vigente.<\/p>\n","protected":false},"excerpt":{"rendered":"<p>Nella riunione di ieri tenutasi all\u2019Aran, ferme restando le problematiche sorte in relazione alla possibilit\u00e0 di regolamentare forme e procedure diverse di mobilit\u00e0, si \u00e8 convenuto di aprire sull\u2019argomento un tavolo tecnico a settembre. Per l\u2019A.A. 2011\/2012 dovrebbero, dunque, essere confermate le modalit\u00e0 finora\u00a0 applicate sulla base del relativo Contratto vigente.<\/p>\n","protected":false},"author":1,"featured_media":0,"comment_status":"closed","ping_status":"closed","sticky":false,"template":"","format":"standard","meta":{"footnotes":""},"categories":[12],"tags":[],"class_list":["post-1074","post","type-post","status-publish","format-standard","hentry","category-ultime-notizie"],"_links":{"self":[{"href":"https:\/\/www.snalsfrosinone.it\/index.php?rest_route=\/wp\/v2\/posts\/1074","targetHints":{"allow":["GET"]}}],"collection":[{"href":"https:\/\/www.snalsfrosinone.it\/index.php?rest_route=\/wp\/v2\/posts"}],"about":[{"href":"https:\/\/www.snalsfrosinone.it\/index.php?rest_route=\/wp\/v2\/types\/post"}],"author":[{"embeddable":true,"href":"https:\/\/www.snalsfrosinone.it\/index.php?rest_route=\/wp\/v2\/users\/1"}],"replies":[{"embeddable":true,"href":"https:\/\/www.snalsfrosinone.it\/index.php?rest_route=%2Fwp%2Fv2%2Fcomments&post=1074"}],"version-history":[{"count":2,"href":"https:\/\/www.snalsfrosinone.it\/index.php?rest_route=\/wp\/v2\/posts\/1074\/revisions"}],"predecessor-version":[{"id":1076,"href":"https:\/\/www.snalsfrosinone.it\/index.php?rest_route=\/wp\/v2\/posts\/1074\/revisions\/1076"}],"wp:attachment":[{"href":"https:\/\/www.snalsfrosinone.it\/index.php?rest_route=%2Fwp%2Fv2%2Fmedia&parent=1074"}],"wp:term":[{"taxonomy":"category","embeddable":true,"href":"https:\/\/www.snalsfrosinone.it\/index.php?rest_route=%2Fwp%2Fv2%2Fcategories&post=1074"},{"taxonomy":"post_tag","embeddable":true,"href":"https:\/\/www.snalsfrosinone.it\/index.php?rest_route=%2Fwp%2Fv2%2Ftags&post=1074"}],"curies":[{"name":"wp","href":"https:\/\/api.w.org\/{rel}","templated":true}]}}