{"id":1105,"date":"2011-07-29T07:04:21","date_gmt":"2011-07-29T05:04:21","guid":{"rendered":"http:\/\/snalsfrosinone.it\/?p=1105"},"modified":"2011-07-31T07:06:21","modified_gmt":"2011-07-31T05:06:21","slug":"invalsi-incontro-del-28-luglio-2011","status":"publish","type":"post","link":"https:\/\/www.snalsfrosinone.it\/?p=1105","title":{"rendered":"INVALSI &#8211; Incontro del 28 luglio 2011"},"content":{"rendered":"<p style=\"text-align: justify;\">Si \u00e8 svolta nel tardo pomeriggio di ieri la programmata riunione sulle problematiche collegate all\u2019INVALSI.<\/p>\n<p style=\"text-align: justify;\">Ha introdotto i lavori il Dott. Giuseppe Cosentino nella sua qualit\u00e0 di Commissario INVALSI, nel suo intervento si \u00e8 soffermato in particolare sul rapporto esistente tra INVALSI e innovazione del sistema scolastico ed ha puntualizzato che l\u2019INVALSI non fa \u201cvalutazione\u201d , ma \u201cmisurazione\u201d tenendo conto non solo dei fatti oggettivi ma anche di quello che si potrebbe definire \u201ccontesto sociale\u201d.<!--more--><\/p>\n<p style=\"text-align: justify;\">Il Dott. Cosentino ha inquadrato il ragionamento anche alla luce della legge che da alcuni anni prevede l\u2019INVALSI tra gli enti di ricerca e l\u2019art. 19 della recente legge 11\/2011 che, all\u2019art. 19, prevede un coordinamento tra INVALSI, INDIRE e ispettorato ed ha illustrato le competenze del Commissario Straordinario anche in relazione alla stabilizzazione dell\u2019organico del personale da realizzare entro il 2012, elemento questo\u00a0 che certamente potr\u00e0 implementare la qualit\u00e0 dei servizi offerti.<\/p>\n<p style=\"text-align: justify;\">Sono poi stati illustrati i risultati delle \u201cprove INVALSI\u201d che sono integralmente reperibili sul sito dell\u2019istituto e di cui \u00e8 stata fornita anche una sintesi che inseriamo in area riservata.<\/p>\n<p style=\"text-align: justify;\">La delegazione dello SNALS-CONFSAL si \u00e8 fatta portavoce delle preoccupazioni della categoria anche in relazione ad un possibile \u201cuso improprio\u201d dei risultati ed ha richiamato la situazione di disagio verificatasi quest\u2019anno, e a suo tempo denunciata, chiedendo che si operi in modo che non si ripetano pi\u00f9 tali situazioni; ha anche ribadito la necessit\u00e0 di retribuire economicamente il personale per i nuovi maggiori impegni tramite finanziamenti ad hoc. La nostra delegazione ha concluso il suo interevento richiamando la necessit\u00e0 delle scuole di poter disporre di adeguate risorse umane, economiche e strutturali senza le quali \u00e8 estremamente problematico fornire al Paese il servizio scolastico di qualit\u00e0 di cui ha bisogno.<\/p>\n","protected":false},"excerpt":{"rendered":"<p>Si \u00e8 svolta nel tardo pomeriggio di ieri la programmata riunione sulle problematiche collegate all\u2019INVALSI. Ha introdotto i lavori il Dott. Giuseppe Cosentino nella sua qualit\u00e0 di Commissario INVALSI, nel suo intervento si \u00e8 soffermato in particolare sul rapporto esistente tra INVALSI e innovazione del sistema scolastico ed ha puntualizzato che l\u2019INVALSI non fa \u201cvalutazione\u201d [&hellip;]<\/p>\n","protected":false},"author":1,"featured_media":0,"comment_status":"closed","ping_status":"closed","sticky":false,"template":"","format":"standard","meta":{"footnotes":""},"categories":[12],"tags":[],"class_list":["post-1105","post","type-post","status-publish","format-standard","hentry","category-ultime-notizie"],"_links":{"self":[{"href":"https:\/\/www.snalsfrosinone.it\/index.php?rest_route=\/wp\/v2\/posts\/1105","targetHints":{"allow":["GET"]}}],"collection":[{"href":"https:\/\/www.snalsfrosinone.it\/index.php?rest_route=\/wp\/v2\/posts"}],"about":[{"href":"https:\/\/www.snalsfrosinone.it\/index.php?rest_route=\/wp\/v2\/types\/post"}],"author":[{"embeddable":true,"href":"https:\/\/www.snalsfrosinone.it\/index.php?rest_route=\/wp\/v2\/users\/1"}],"replies":[{"embeddable":true,"href":"https:\/\/www.snalsfrosinone.it\/index.php?rest_route=%2Fwp%2Fv2%2Fcomments&post=1105"}],"version-history":[{"count":1,"href":"https:\/\/www.snalsfrosinone.it\/index.php?rest_route=\/wp\/v2\/posts\/1105\/revisions"}],"predecessor-version":[{"id":1106,"href":"https:\/\/www.snalsfrosinone.it\/index.php?rest_route=\/wp\/v2\/posts\/1105\/revisions\/1106"}],"wp:attachment":[{"href":"https:\/\/www.snalsfrosinone.it\/index.php?rest_route=%2Fwp%2Fv2%2Fmedia&parent=1105"}],"wp:term":[{"taxonomy":"category","embeddable":true,"href":"https:\/\/www.snalsfrosinone.it\/index.php?rest_route=%2Fwp%2Fv2%2Fcategories&post=1105"},{"taxonomy":"post_tag","embeddable":true,"href":"https:\/\/www.snalsfrosinone.it\/index.php?rest_route=%2Fwp%2Fv2%2Ftags&post=1105"}],"curies":[{"name":"wp","href":"https:\/\/api.w.org\/{rel}","templated":true}]}}