{"id":1107,"date":"2011-07-29T07:06:38","date_gmt":"2011-07-29T05:06:38","guid":{"rendered":"http:\/\/snalsfrosinone.it\/?p=1107"},"modified":"2011-07-31T07:08:18","modified_gmt":"2011-07-31T05:08:18","slug":"novita-in-confsalfom-corsi-formazione-per-laccesso-ai-tirocini-formativi-attivi","status":"publish","type":"post","link":"https:\/\/www.snalsfrosinone.it\/?p=1107","title":{"rendered":"Novit\u00e0 in Confsalfom: Corsi formazione per l&#8217;accesso ai Tirocini Formativi Attivi &#8230;"},"content":{"rendered":"<p style=\"text-align: justify;\">Lo Snals-Confsal \u00e8 impegnato nella fase di monitoraggio e di valutazione dell\u2019intero sistema di accesso alle classi di abilitazione, che per effetto del DM 249\/2010 avrebbe dovuto decollare gi\u00e0 a partire dall\u2019anno scolastico 2011\/12, ma che di fatto sono ancora in forte rallentamento le procedure di applicazione della norma e dei pochi provvedimenti che sono stati sino ad pubblicati. A rafforzare l\u2019idea che \u00e8 meglio non allarmarsi ed evitare di creare ansie e stress al personale docente gi\u00e0 toccato dalla precariet\u00e0 dell\u2019attuale tipo di reclutamento, Confsalform sta definendo con alcune Universit\u00e0 statali accordi e convenzioni per offrire al personale della scuola una formazione iniziale adeguata alle esigenze di reclutamento della classe docente.<!--more--><\/p>\n<p style=\"text-align: justify;\">Per il momento si sta operando a 360 gradi sulla valutazione dei percorsi da progettare ed offrire per la preparazione dei docenti e dei futuri docenti sia per l\u2019insegnamento nella scuola dell\u2019infanzia e nella scuola primaria,\u00a0 sia per l\u2019insegnamento nella scuola secondaria di primo e secondo grado. \u00c8 a buon punto l\u2019intervento progettuale per la scuola primaria e per la valorizzazione dei docenti in servizio, tra quelli che rientranti tra i contingenti che il MIUR abbia gi\u00e0 stabilito.<\/p>\n<p style=\"text-align: justify;\">\u00a0Al fine di definire i fabbisogni formativi in ragione delle esigenze di accesso all\u2019abilitazione degli iscritti allo Snals, Confsalform \u00e8 disponibile ad accogliere le richieste per la rilevazione dei fabbisogni di Tirocini formativi attivi a <a href=\"mailto:info@confsalform.it\">info@confsalform.it<\/a>.<\/p>\n<p style=\"text-align: justify;\">Per segnalazioni da parte delle segreterie provinciali: <a href=\"mailto:s.piroscia@confsalform.it\">s.piroscia@confsalform.it<\/a>.<\/p>\n","protected":false},"excerpt":{"rendered":"<p>Lo Snals-Confsal \u00e8 impegnato nella fase di monitoraggio e di valutazione dell\u2019intero sistema di accesso alle classi di abilitazione, che per effetto del DM 249\/2010 avrebbe dovuto decollare gi\u00e0 a partire dall\u2019anno scolastico 2011\/12, ma che di fatto sono ancora in forte rallentamento le procedure di applicazione della norma e dei pochi provvedimenti che sono [&hellip;]<\/p>\n","protected":false},"author":1,"featured_media":0,"comment_status":"closed","ping_status":"closed","sticky":false,"template":"","format":"standard","meta":{"footnotes":""},"categories":[19],"tags":[],"class_list":["post-1107","post","type-post","status-publish","format-standard","hentry","category-formazione-aggiornamento"],"_links":{"self":[{"href":"https:\/\/www.snalsfrosinone.it\/index.php?rest_route=\/wp\/v2\/posts\/1107","targetHints":{"allow":["GET"]}}],"collection":[{"href":"https:\/\/www.snalsfrosinone.it\/index.php?rest_route=\/wp\/v2\/posts"}],"about":[{"href":"https:\/\/www.snalsfrosinone.it\/index.php?rest_route=\/wp\/v2\/types\/post"}],"author":[{"embeddable":true,"href":"https:\/\/www.snalsfrosinone.it\/index.php?rest_route=\/wp\/v2\/users\/1"}],"replies":[{"embeddable":true,"href":"https:\/\/www.snalsfrosinone.it\/index.php?rest_route=%2Fwp%2Fv2%2Fcomments&post=1107"}],"version-history":[{"count":2,"href":"https:\/\/www.snalsfrosinone.it\/index.php?rest_route=\/wp\/v2\/posts\/1107\/revisions"}],"predecessor-version":[{"id":1109,"href":"https:\/\/www.snalsfrosinone.it\/index.php?rest_route=\/wp\/v2\/posts\/1107\/revisions\/1109"}],"wp:attachment":[{"href":"https:\/\/www.snalsfrosinone.it\/index.php?rest_route=%2Fwp%2Fv2%2Fmedia&parent=1107"}],"wp:term":[{"taxonomy":"category","embeddable":true,"href":"https:\/\/www.snalsfrosinone.it\/index.php?rest_route=%2Fwp%2Fv2%2Fcategories&post=1107"},{"taxonomy":"post_tag","embeddable":true,"href":"https:\/\/www.snalsfrosinone.it\/index.php?rest_route=%2Fwp%2Fv2%2Ftags&post=1107"}],"curies":[{"name":"wp","href":"https:\/\/api.w.org\/{rel}","templated":true}]}}