{"id":1128,"date":"2011-08-02T23:51:57","date_gmt":"2011-08-02T21:51:57","guid":{"rendered":"http:\/\/snalsfrosinone.it\/?p=1128"},"modified":"2011-08-02T23:51:57","modified_gmt":"2011-08-02T21:51:57","slug":"tirocini-formativi-e-riforma-dellapprendistato","status":"publish","type":"post","link":"https:\/\/www.snalsfrosinone.it\/?p=1128","title":{"rendered":"Tirocini formativi e riforma dell&#8217;apprendistato"},"content":{"rendered":"<p style=\"text-align: justify;\">La Confsal, secondo quanto concordato nella seduta del 4 luglio scorso,\u00a0 presso il Ministero del Lavoro e delle Politiche Sociali, ha predisposto un documento di commento riportato nell\u2019allegato Blog.<!--more--><\/p>\n<p style=\"text-align: justify;\">Il confronto intende raggiungere l\u2019attivazione entro il mese di settembre di un decalogo del tirocinio formativo. Se si vuole riformare tutto l\u2019impianto pregresso, il tirocinio formativo dovr\u00e0 essere lo strumento formale per valutare, certificare e registrare sul libretto formativo del lavoratore le competenze da esso acquisite e dimostrate e dalle imprese richieste ed attese, a partire dal diciassettesimo anno di et\u00e0\u00a0 e a conclusione del periodo legato all\u2019obbligo d\u2019istruzione. Allo scopo di un\u2019eventuale e conseguente certificazione delle qualifiche tra quelle del repertorio nazionale e nei diversi livelli EQF (European Qualifications Framework) concorrono alla programmazione, monitoraggio e valutazione: le regioni, le parti sociali (datoriali e sindacali), gli enti bilaterali, il sistema di istruzione e formazione (dall\u2019istruzione tecnica e professionale a quella superiore fino al livello universitario e post universitario), oltre ai ministeri competenti.\u00a0 In tal senso la posizione Confsal \u00e8 la seguente:<\/p>\n<ul>\n<li style=\"text-align: justify;\"><strong>S\u00ec<\/strong>, ad un decalogo dei tirocini formativi inclusivo del privato e del pubblico impiego;<\/li>\n<li style=\"text-align: justify;\"><strong>No<\/strong>, ad un\u2019eventuale esclusione delle istituzioni universitarie, di alta formazione e dell\u2019istruzione superiore e post superiore dal processo di riforma dei tirocini formativi;<\/li>\n<li style=\"text-align: justify;\"><strong>No<\/strong>, a considerare rapporto di lavoro il tirocinio formativo a meno che al termine dello stesso non si trasformi in contratto di lavoro, in tal caso dovrebbe essere\u00a0 considerato quale periodo di prova il rapporto pregresso e come tale dovr\u00e0 essere regolamentato\u00a0 ai fini pensionistici e di avanzamento del livello di retribuzione.<\/li>\n<\/ul>\n<p style=\"text-align: justify;\">Il decalogo, che dovrebbe non influire e non sopprimere le norme previste dal DM n. 142, del\u00a0 25 marzo 1998,\u00a0 per quanto ci riguarda, pu\u00f2 considerarsi integrabile e interagente anche se regolamentato per sostenere il settore privatistico.<\/p>\n<p style=\"text-align: justify;\">Con tale prospettiva la Confsal ha per il momento accettato e continua ad affrontare il confronto\u00a0 con il Ministero a condizione che non si generino\u00a0 discriminazioni tra tirocinanti in ragione dei canali di loro provenienza e del livello di qualifica entro cui si esplica l\u2019attivit\u00e0. Per iniziare un dialogo aperto su questo tema che ci coinvolger\u00e0 presto tutti da vicino \u00e8 stato attivato un blog interattivo per comunicare e interagire e pubblicare opinioni, suggerimenti e critiche. Questo \u00e8 l\u2019indirizzo web:<\/p>\n<p>\u00a0<a href=\"http:\/\/confsal-riformaapprendistato.blogspot.com\/2011_07_01_archive.html\">http:\/\/confsal-riformaapprendistato.blogspot.com\/2011_07_01_archive.html<\/a><\/p>\n<p>&nbsp;<\/p>\n","protected":false},"excerpt":{"rendered":"<p>La Confsal, secondo quanto concordato nella seduta del 4 luglio scorso,\u00a0 presso il Ministero del Lavoro e delle Politiche Sociali, ha predisposto un documento di commento riportato nell\u2019allegato Blog.<\/p>\n","protected":false},"author":1,"featured_media":0,"comment_status":"closed","ping_status":"closed","sticky":false,"template":"","format":"standard","meta":{"footnotes":""},"categories":[19],"tags":[],"class_list":["post-1128","post","type-post","status-publish","format-standard","hentry","category-formazione-aggiornamento"],"_links":{"self":[{"href":"https:\/\/www.snalsfrosinone.it\/index.php?rest_route=\/wp\/v2\/posts\/1128","targetHints":{"allow":["GET"]}}],"collection":[{"href":"https:\/\/www.snalsfrosinone.it\/index.php?rest_route=\/wp\/v2\/posts"}],"about":[{"href":"https:\/\/www.snalsfrosinone.it\/index.php?rest_route=\/wp\/v2\/types\/post"}],"author":[{"embeddable":true,"href":"https:\/\/www.snalsfrosinone.it\/index.php?rest_route=\/wp\/v2\/users\/1"}],"replies":[{"embeddable":true,"href":"https:\/\/www.snalsfrosinone.it\/index.php?rest_route=%2Fwp%2Fv2%2Fcomments&post=1128"}],"version-history":[{"count":1,"href":"https:\/\/www.snalsfrosinone.it\/index.php?rest_route=\/wp\/v2\/posts\/1128\/revisions"}],"predecessor-version":[{"id":1129,"href":"https:\/\/www.snalsfrosinone.it\/index.php?rest_route=\/wp\/v2\/posts\/1128\/revisions\/1129"}],"wp:attachment":[{"href":"https:\/\/www.snalsfrosinone.it\/index.php?rest_route=%2Fwp%2Fv2%2Fmedia&parent=1128"}],"wp:term":[{"taxonomy":"category","embeddable":true,"href":"https:\/\/www.snalsfrosinone.it\/index.php?rest_route=%2Fwp%2Fv2%2Fcategories&post=1128"},{"taxonomy":"post_tag","embeddable":true,"href":"https:\/\/www.snalsfrosinone.it\/index.php?rest_route=%2Fwp%2Fv2%2Ftags&post=1128"}],"curies":[{"name":"wp","href":"https:\/\/api.w.org\/{rel}","templated":true}]}}