{"id":1167,"date":"2011-08-10T22:12:08","date_gmt":"2011-08-10T20:12:08","guid":{"rendered":"http:\/\/snalsfrosinone.it\/?p=1167"},"modified":"2011-08-10T22:16:16","modified_gmt":"2011-08-10T20:16:16","slug":"mobilita-professionale-personale-a-t-a","status":"publish","type":"post","link":"https:\/\/www.snalsfrosinone.it\/?p=1167","title":{"rendered":"Mobilit\u00e0 professionale personale A.T.A."},"content":{"rendered":"<p style=\"text-align: justify;\">Vi informiamo che <strong>in data 5 agosto 2011, il MIUR ha emanato la nota\u00a0 6583<\/strong> avente per oggetto: \u201c<em>mobilit\u00e0 professionale personale ATA (ex art. 1, comma 2, sequenza contrattuale 25 luglio 2008) \u2013 accantonamento posti per a.s. 2011\/2012<\/em>\u201d.<\/p>\n<p style=\"text-align: justify;\">Ci\u00f2 a seguito della sottoscrizione, in data 14 luglio u.s., della ipotesi di intesa relativa alla mobilit\u00e0 professionale del personale ATA, che prevede l\u2019utilizzo, per il prossimo anno scolastico, delle graduatorie definitive emanate ai sensi dell\u2019art. 9 del CCNI 3.12.2009.<\/p>\n<p style=\"text-align: justify;\">La nota 6583, prevedendo che le nomine di mobilit\u00e0 professionale non potranno essere effettuate prima dell\u2019inizio del prossimo anno scolastico, dispone di effettuare l\u2019accantonamento di tali posti, provvedendo alla copertura degli stessi con nomina di supplenze \u201cfino all\u2019avente diritto\u201d.<!--more--><\/p>\n<p style=\"text-align: justify;\">\u00a0Nota MIUR prot. 6583\/2011: mobilit\u00e0 professionale personale ATA (ex art. 1, comma 2, sequenza contrattuale 25 luglio 2008) &#8211; accantonamento posti per a.s. 2011\/2012<\/p>\n<p style=\"text-align: center;\" align=\"center\"><em>Ministero dell\u2019istruzione dell\u2019universit\u00e0 e della ricerca<\/em><\/p>\n<p style=\"text-align: center;\" align=\"center\">Dipartimento per l\u2019istruzione<\/p>\n<p style=\"text-align: center;\">Direzione Generale per il personale scolastico \u2013 Uff. V &#8211;<\/p>\n<p style=\"text-align: left;\"><strong>prot. 6583<\/strong><\/p>\n<p align=\"right\"><strong>Roma, 5 agosto 2011<\/strong><\/p>\n<p align=\"right\"><strong>\u00a0<\/strong><\/p>\n<p align=\"right\">Ai Direttori Generali<\/p>\n<p align=\"right\">degli Uffici scolastici regionali<\/p>\n<p style=\"text-align: right;\">Loro Sedi<\/p>\n<p style=\"text-align: justify;\"><strong>OGGETTO: mobilit\u00e0 professionale personale ATA (ex art. 1, comma 2, sequenza contrattuale 25 luglio 2008) \u2013 accantonamento posti per a.s. 2011\/2012 &#8211;<\/strong><strong><\/strong><\/p>\n<p style=\"text-align: justify;\">Il 14 luglio u.s. \u00e8 stata sottoscritta, tra questo Ministero e le Organizzazioni sindacali firmatarie del vigente Contratto del comparto scuola, un\u2019Ipotesi di Intesa per disciplinare l\u2019attribuzione della mobilit\u00e0 professionale al personale ATA.<\/p>\n<p style=\"text-align: justify;\">Tale Intesa contempla che le graduatorie definitive formulate ai sensi dell\u2019articolo 9 del ccni 3 dicembre 2009, con il quale \u00e8 stata disciplinata la mobilit\u00e0 professionale ATA in prima applicazione, siano utilizzabili anche per la mobilit\u00e0 professionale relativa al prossimo anno scolastico.<\/p>\n<p style=\"text-align: justify;\">\n<p style=\"text-align: justify;\">Come noto, in tali graduatorie \u00e8 ancora collocato, senza aver ricevuto la nomina, un numero di aspiranti sostanzialmente analogo a quello dei nominati all\u2019inizio del corrente anno scolastico in quanto all\u2019espletamento dell\u2019intera procedura concorsuale, fu avviato un contingente di personale di misura doppia rispetto alle nomine conferibili per i due anni scolastici di riferimento (2009\/2010 e 2010\/2011).<\/p>\n<p style=\"text-align: justify;\">Di conseguenza, appare fondato prevedere, sempre compatibilmente con i contingenti di nomine che saranno autorizzati e subordinatamente al riscontro positivo delle certificazioni di legge, che gli aspiranti inclusi nelle graduatorie in parola potranno presumibilmente risultare destinatari della mobilit\u00e0 professionale per il prossimo anno.<\/p>\n<p style=\"text-align: justify;\">\n<p style=\"text-align: justify;\">A tal fine, ma anche nella fondata considerazione che tali nomine non potranno essere effettuate prima dell\u2019inizio del prossimo anno scolastico, si evidenzia la assoluta necessit\u00e0 di procedere all\u2019accantonamento dei posti necessari per la mobilit\u00e0 professionale. Sui posti accantonati, le SS.LL. disporranno il conferimento di nomine di supplenti \u201c\u2026fino all\u2019arrivo dell\u2019avente diritto\u2026\u201d (articolo 40, comma 9, legge 449\/97).<\/p>\n<p style=\"text-align: justify;\">La quantificazione delle nomine dei supplenti risulta desumibile dal numero di aspiranti ancora collocato nelle graduatorie per la mobilit\u00e0, rapportato all\u2019elenco gi\u00e0 inviato con la nota dell\u2019ottobre del 2010 nonch\u00e9 alle immissioni in ruolo per mobilit\u00e0 professionale 2011\/2012.<\/p>\n<p style=\"text-align: justify;\">Al riguardo, si precisa che con la massima tempestivit\u00e0 saranno comunicati i contingenti eventualmente approvati per la mobilit\u00e0 professionale 2011\/2012 nonch\u00e9 le risultanze della certificazione richiesta, in ordine alla suindicata Ipotesi di Intesa.<\/p>\n<p style=\"text-align: center;\" align=\"center\">IL\u00a0 DIRETTORE\u00a0 GENERALE<\/p>\n<p style=\"text-align: center;\"><em>f.to Luciano Chiappetta<\/em><\/p>\n","protected":false},"excerpt":{"rendered":"<p>Vi informiamo che in data 5 agosto 2011, il MIUR ha emanato la nota\u00a0 6583 avente per oggetto: \u201cmobilit\u00e0 professionale personale ATA (ex art. 1, comma 2, sequenza contrattuale 25 luglio 2008) \u2013 accantonamento posti per a.s. 2011\/2012\u201d. Ci\u00f2 a seguito della sottoscrizione, in data 14 luglio u.s., della ipotesi di intesa relativa alla mobilit\u00e0 [&hellip;]<\/p>\n","protected":false},"author":1,"featured_media":0,"comment_status":"closed","ping_status":"closed","sticky":false,"template":"","format":"standard","meta":{"footnotes":""},"categories":[18],"tags":[],"class_list":["post-1167","post","type-post","status-publish","format-standard","hentry","category-mobilita-e-utilizzazioni"],"_links":{"self":[{"href":"https:\/\/www.snalsfrosinone.it\/index.php?rest_route=\/wp\/v2\/posts\/1167","targetHints":{"allow":["GET"]}}],"collection":[{"href":"https:\/\/www.snalsfrosinone.it\/index.php?rest_route=\/wp\/v2\/posts"}],"about":[{"href":"https:\/\/www.snalsfrosinone.it\/index.php?rest_route=\/wp\/v2\/types\/post"}],"author":[{"embeddable":true,"href":"https:\/\/www.snalsfrosinone.it\/index.php?rest_route=\/wp\/v2\/users\/1"}],"replies":[{"embeddable":true,"href":"https:\/\/www.snalsfrosinone.it\/index.php?rest_route=%2Fwp%2Fv2%2Fcomments&post=1167"}],"version-history":[{"count":3,"href":"https:\/\/www.snalsfrosinone.it\/index.php?rest_route=\/wp\/v2\/posts\/1167\/revisions"}],"predecessor-version":[{"id":1169,"href":"https:\/\/www.snalsfrosinone.it\/index.php?rest_route=\/wp\/v2\/posts\/1167\/revisions\/1169"}],"wp:attachment":[{"href":"https:\/\/www.snalsfrosinone.it\/index.php?rest_route=%2Fwp%2Fv2%2Fmedia&parent=1167"}],"wp:term":[{"taxonomy":"category","embeddable":true,"href":"https:\/\/www.snalsfrosinone.it\/index.php?rest_route=%2Fwp%2Fv2%2Fcategories&post=1167"},{"taxonomy":"post_tag","embeddable":true,"href":"https:\/\/www.snalsfrosinone.it\/index.php?rest_route=%2Fwp%2Fv2%2Ftags&post=1167"}],"curies":[{"name":"wp","href":"https:\/\/api.w.org\/{rel}","templated":true}]}}