{"id":1229,"date":"2011-08-29T22:52:48","date_gmt":"2011-08-29T20:52:48","guid":{"rendered":"http:\/\/snalsfrosinone.it\/?p=1229"},"modified":"2011-08-29T22:52:48","modified_gmt":"2011-08-29T20:52:48","slug":"curriculum-vitae-dirigenti-scolastici-nuove-indicazioni-del-miur","status":"publish","type":"post","link":"https:\/\/www.snalsfrosinone.it\/?p=1229","title":{"rendered":"Curriculum vitae dirigenti scolastici &#8211; Nuove Indicazioni del MIUR"},"content":{"rendered":"<p style=\"text-align: justify;\">Con nota del 25 agosto prot. 6707 il MIUR ha dato nuove indicazioni circa gli adempimenti spettanti ai dirigenti scolastici per la pubblicazione del loro curriculum vitae sul sito del Ministero.<!--more--><\/p>\n<p style=\"text-align: justify;\"><strong>Nota 25 agosto 2011, n. 6707<\/strong><br \/>\n<strong> Dirigenti Area V (Dirigenti scolastici) &#8211; Legge n. 69\/2009 e CC.MM. Dipartimento Funzione Pubblica nn. 3 e 5\/2009 &#8211; Pubblicazione Curriculum vitae &#8211; S.I.D.I.<\/strong><\/p>\n<p align=\"center\">Ministero dell\u2019Istruzione, dell\u2019Universit\u00e0 e della Ricerca<\/p>\n<p align=\"center\">Dipartimento per l\u2019Istruzione<\/p>\n<p align=\"center\">Direzione Generale per il Personale scolastico<\/p>\n<p style=\"text-align: center;\">Ufficio II<\/p>\n<p style=\"text-align: right;\">\n<p style=\"text-align: right;\">Roma, 25 agosto 2011<\/p>\n<p>Prot. n. AOODGPER.6707<\/p>\n<p style=\"text-align: justify;\">Oggetto: Dirigenti Area V (Dirigenti scolastici) &#8211; Legge n. 69\/2009 e CC.MM. Dipartimento Funzione Pubblica nn. 3 e 5\/2009 &#8211; Pubblicazione Curriculum vitae &#8211; S.I.D.I.<\/p>\n<p style=\"text-align: justify;\">Al fine di semplificare la compilazione e le operazioni di pubblicazione del Curriculum Vitae del personale dell\u2019Area V &#8211; dirigenza scolastica &#8211; ai sensi della Legge citata in oggetto, in data 26 agosto 2011 sul portale S.I.D.I. di questo Ministero sar\u00e0 presente una nuova funzionalit\u00e0.<\/p>\n<p style=\"text-align: justify;\">Detta funzionalit\u00e0, accedendo al S.I.D.I, permetter\u00e0 al Dirigente Scolastico di verificare e completare il curriculum gi\u00e0 predisposto con quanto presente nella base dati, integrare le informazioni mancanti, nonch\u00e9 eventualmente segnalare all\u2019Ufficio Scolastico Regionale la necessit\u00e0 di effettuare eventuali aggiornamenti, e procedere direttamente con la pubblicazione del Curriculum Vitae.<\/p>\n<p style=\"text-align: justify;\">Non ci saranno distinzioni tra i Dirigenti effettivamente in servizio e quelli collocati in posizione di stato, potranno tutti operare in autonomia dalla medesima funzione.<\/p>\n<p style=\"text-align: justify;\">Si rappresenta, inoltre, che ogni qualvolta l\u2019Ufficio Scolastico Regionale proceder\u00e0 con l\u2019inserimento a sistema di un nuovo incarico (effettivo, nominale, reggenza), il Dirigente Scolastico interessato ricever\u00e0 una e-mail di invito a procedere ad una nuova pubblicazione, cui seguiranno eventuali e-mail di sollecito.<\/p>\n<p style=\"text-align: justify;\">Il Dirigente non potr\u00e0 modificare le informazioni inerenti gli incarichi, bens\u00ec potr\u00e0 formulare eventuali segnalazioni che in automatico verranno inoltrate all\u2019Ufficio Scolastico Regionale competente per le opportune verifiche.<\/p>\n<p style=\"text-align: justify;\">Ai curricula gi\u00e0 pubblicati si potr\u00e0 accedere mediante la funzione gi\u00e0 presente sul sito del Ministero che consente la ricerca per istituzione scolastica ampliata da una nuova funzione pi\u00f9 puntuale per cognome e nome del Dirigente Scolastico.<\/p>\n<p style=\"text-align: justify;\">Verranno cos\u00ec proposti i curricula di tutti i Dirigenti Scolastici sia incaricati che reggenti.<\/p>\n<p style=\"text-align: justify;\">Si prega di portare a conoscenza di tutti i Dirigenti Scolastici del contenuto della presente nota rappresentando in via prioritaria che coloro che hanno precedentemente pubblicato il Curriculum Vitae dovranno procedere ad una nuova pubblicazione sulla rete INTRANET e sul sito INTERNET di questo Ministero.<\/p>\n<p>&nbsp;<\/p>\n<p align=\"center\">\n<p align=\"center\">f.to IL DIRETTORE GENERALE<\/p>\n<p style=\"text-align: center;\">Luciano Chiappetta<\/p>\n<p style=\"text-align: justify;\">\n","protected":false},"excerpt":{"rendered":"<p>Con nota del 25 agosto prot. 6707 il MIUR ha dato nuove indicazioni circa gli adempimenti spettanti ai dirigenti scolastici per la pubblicazione del loro curriculum vitae sul sito del Ministero.<\/p>\n","protected":false},"author":1,"featured_media":0,"comment_status":"closed","ping_status":"closed","sticky":false,"template":"","format":"standard","meta":{"footnotes":""},"categories":[27],"tags":[],"class_list":["post-1229","post","type-post","status-publish","format-standard","hentry","category-dirigenti-scolastici"],"_links":{"self":[{"href":"https:\/\/www.snalsfrosinone.it\/index.php?rest_route=\/wp\/v2\/posts\/1229","targetHints":{"allow":["GET"]}}],"collection":[{"href":"https:\/\/www.snalsfrosinone.it\/index.php?rest_route=\/wp\/v2\/posts"}],"about":[{"href":"https:\/\/www.snalsfrosinone.it\/index.php?rest_route=\/wp\/v2\/types\/post"}],"author":[{"embeddable":true,"href":"https:\/\/www.snalsfrosinone.it\/index.php?rest_route=\/wp\/v2\/users\/1"}],"replies":[{"embeddable":true,"href":"https:\/\/www.snalsfrosinone.it\/index.php?rest_route=%2Fwp%2Fv2%2Fcomments&post=1229"}],"version-history":[{"count":1,"href":"https:\/\/www.snalsfrosinone.it\/index.php?rest_route=\/wp\/v2\/posts\/1229\/revisions"}],"predecessor-version":[{"id":1230,"href":"https:\/\/www.snalsfrosinone.it\/index.php?rest_route=\/wp\/v2\/posts\/1229\/revisions\/1230"}],"wp:attachment":[{"href":"https:\/\/www.snalsfrosinone.it\/index.php?rest_route=%2Fwp%2Fv2%2Fmedia&parent=1229"}],"wp:term":[{"taxonomy":"category","embeddable":true,"href":"https:\/\/www.snalsfrosinone.it\/index.php?rest_route=%2Fwp%2Fv2%2Fcategories&post=1229"},{"taxonomy":"post_tag","embeddable":true,"href":"https:\/\/www.snalsfrosinone.it\/index.php?rest_route=%2Fwp%2Fv2%2Ftags&post=1229"}],"curies":[{"name":"wp","href":"https:\/\/api.w.org\/{rel}","templated":true}]}}