{"id":1255,"date":"2011-09-12T07:21:48","date_gmt":"2011-09-12T05:21:48","guid":{"rendered":"http:\/\/snalsfrosinone.it\/?p=1255"},"modified":"2011-09-13T07:23:06","modified_gmt":"2011-09-13T05:23:06","slug":"personale-docente-permanentemente-inidoneo-inquadramento-nel-ruolo-personale-a-t-a","status":"publish","type":"post","link":"https:\/\/www.snalsfrosinone.it\/?p=1255","title":{"rendered":"Personale docente permanentemente inidoneo: inquadramento nel ruolo personale A.T.A."},"content":{"rendered":"<p style=\"text-align: justify;\">Oggi, 12 settembre, il MIUR, con <strong>nota prot. 7121,<\/strong> ha trasmesso il <strong>decreto ministeriale n. 79,<\/strong> di pari data, avente per oggetto: \u201c<em>Immissione in ruolo nei profili professionali di assistente amministrativo e di assistente tecnico del personale docente dichiarato permanentemente inidoneo, per motivi di salute, all&#8217;espletamento della funzione docente, ma idoneo ad altri compiti<\/em>\u201d.<\/p>\n<p style=\"text-align: justify;\">Tale nota fa seguito alla nota 6626 del 10 agosto scorso e trasmette il decreto ministeriale n. 79 del 12 settembre 2011, che conferma i contenuti di tale nota.<\/p>\n<p style=\"text-align: justify;\">Il D.M. prevede, altres\u00ec, in prima applicazione, che anche il personale docente inidoneo che abbia chiesto ed ottenuto l\u2019inquadramento a domanda nei ruoli ATA, possa, in un secondo momento, partecipare alla mobilit\u00e0 intercompartimentale. Prevede, inoltre, come richiesto dallo SNALS-Confsal, nell\u2019ambito della mobilit\u00e0 intercompartimentale, la precedenza assoluta per l\u2019assegnazione agli uffici centrali e periferici del MIUR, per coloro che abbiano prestato servizio in tali uffici per almeno 6 mesi.<\/p>\n<p style=\"text-align: justify;\">La nota differisce la presentazione delle domande per l\u2019inquadramento nei ruoli di personale ATA, gi\u00e0 fissata per il 14 settembre, al 21 settembre; evidenzia la facolt\u00e0 di riproporre on line le domande gi\u00e0 presentate in cartaceo e richiede agli Uffici Scolastici Regionali di inviare l\u2019esatto numero di docenti che abbiano richiesto l\u2019inquadramento nei ruoli di assistente amministrativo o assistente tecnico, al fine di accantonare soltanto i posti necessari; si riserva l\u2019invio di una successiva nota per l\u2019assegnazione della sede provvisoria di servizio e per l\u2019inquadramento del personale interessato.<\/p>\n","protected":false},"excerpt":{"rendered":"<p>Oggi, 12 settembre, il MIUR, con nota prot. 7121, ha trasmesso il decreto ministeriale n. 79, di pari data, avente per oggetto: \u201cImmissione in ruolo nei profili professionali di assistente amministrativo e di assistente tecnico del personale docente dichiarato permanentemente inidoneo, per motivi di salute, all&#8217;espletamento della funzione docente, ma idoneo ad altri compiti\u201d. Tale [&hellip;]<\/p>\n","protected":false},"author":1,"featured_media":0,"comment_status":"closed","ping_status":"closed","sticky":false,"template":"","format":"standard","meta":{"footnotes":""},"categories":[12],"tags":[],"class_list":["post-1255","post","type-post","status-publish","format-standard","hentry","category-ultime-notizie"],"_links":{"self":[{"href":"https:\/\/www.snalsfrosinone.it\/index.php?rest_route=\/wp\/v2\/posts\/1255","targetHints":{"allow":["GET"]}}],"collection":[{"href":"https:\/\/www.snalsfrosinone.it\/index.php?rest_route=\/wp\/v2\/posts"}],"about":[{"href":"https:\/\/www.snalsfrosinone.it\/index.php?rest_route=\/wp\/v2\/types\/post"}],"author":[{"embeddable":true,"href":"https:\/\/www.snalsfrosinone.it\/index.php?rest_route=\/wp\/v2\/users\/1"}],"replies":[{"embeddable":true,"href":"https:\/\/www.snalsfrosinone.it\/index.php?rest_route=%2Fwp%2Fv2%2Fcomments&post=1255"}],"version-history":[{"count":1,"href":"https:\/\/www.snalsfrosinone.it\/index.php?rest_route=\/wp\/v2\/posts\/1255\/revisions"}],"predecessor-version":[{"id":1256,"href":"https:\/\/www.snalsfrosinone.it\/index.php?rest_route=\/wp\/v2\/posts\/1255\/revisions\/1256"}],"wp:attachment":[{"href":"https:\/\/www.snalsfrosinone.it\/index.php?rest_route=%2Fwp%2Fv2%2Fmedia&parent=1255"}],"wp:term":[{"taxonomy":"category","embeddable":true,"href":"https:\/\/www.snalsfrosinone.it\/index.php?rest_route=%2Fwp%2Fv2%2Fcategories&post=1255"},{"taxonomy":"post_tag","embeddable":true,"href":"https:\/\/www.snalsfrosinone.it\/index.php?rest_route=%2Fwp%2Fv2%2Ftags&post=1255"}],"curies":[{"name":"wp","href":"https:\/\/api.w.org\/{rel}","templated":true}]}}