{"id":1760,"date":"2011-12-21T14:45:28","date_gmt":"2011-12-21T13:45:28","guid":{"rendered":"http:\/\/snalsfrosinone.it\/?p=1760"},"modified":"2011-12-22T14:47:59","modified_gmt":"2011-12-22T13:47:59","slug":"personale-a-t-a","status":"publish","type":"post","link":"https:\/\/www.snalsfrosinone.it\/?p=1760","title":{"rendered":"Personale A.T.A."},"content":{"rendered":"<p style=\"text-align: justify;\">Nel tardo pomeriggio del 20\/12 u.s. si \u00e8 svolta al MIUR un incontro di informativa sull\u2019ipotesi di accordo sulla mobilit\u00e0 professionale del personale ATA, a seguito del parere espresso dalla Funzione Pubblica.<\/p>\n<p style=\"text-align: justify;\">L\u2019Amministrazione ha comunicato i contenuti della nota del Dipartimento della Funzione Pubblica nella quale si afferma che la preintesa del 14\/7\/2011 con la quale viene prorogata la validit\u00e0 delle graduatorie definite con il CCNI 3\/12\/2009 non pu\u00f2 avere corso.<\/p>\n<p style=\"text-align: justify;\">Tale comunicazione \u00e8 accompagnata da una nota del MEF che pur riconoscendo alla procedura criteri di selettivit\u00e0 ed oggettivit\u00e0, nonch\u00e9 la piena compatibilit\u00e0 finanziaria, evidenzia la criticit\u00e0 della mobilit\u00e0 professionale del personale ATA nel quadro normativo introdotto con il Dlgs. n. 150\/2009.<\/p>\n<p style=\"text-align: justify;\">In merito a quanto rappresentato dal MIUR, la delegazione dello SNALS-CONFSAL, unitamente alle altre OO.SS. firmatarie del CCNL scuola, ha:<\/p>\n<ul>\n<li>espresso con forza la netta contrariet\u00e0 al blocco della mobilit\u00e0 professionale in quanto non possono essere disattese le legittime aspettative del personale interessato;<\/li>\n<li>sostenuto la specificit\u00e0 delle norme sul reclutamento del personale ATA rispetto all\u2019altro personale operante nel pubblico impiego;<\/li>\n<li>sollecitato il MIUR ad effettuare approfondimenti normativi tesi ad individuare ogni soluzione condivisa che consenta la mobilit\u00e0 professionale ATA;<\/li>\n<li>preannunciato un documento unitario teso a dare corso all\u2019Intesa anche con una soluzione di tipo politico da individuare nel corso dell\u2019imminente incontro con il Ministro.<\/li>\n<\/ul>\n","protected":false},"excerpt":{"rendered":"<p>Nel tardo pomeriggio del 20\/12 u.s. si \u00e8 svolta al MIUR un incontro di informativa sull\u2019ipotesi di accordo sulla mobilit\u00e0 professionale del personale ATA, a seguito del parere espresso dalla Funzione Pubblica. L\u2019Amministrazione ha comunicato i contenuti della nota del Dipartimento della Funzione Pubblica nella quale si afferma che la preintesa del 14\/7\/2011 con la [&hellip;]<\/p>\n","protected":false},"author":1,"featured_media":0,"comment_status":"closed","ping_status":"closed","sticky":false,"template":"","format":"standard","meta":{"footnotes":""},"categories":[25],"tags":[68,66,56,52],"class_list":["post-1760","post","type-post","status-publish","format-standard","hentry","category-personale-a-t-a","tag-comunicati-2","tag-legge","tag-miur","tag-personale-ata"],"_links":{"self":[{"href":"https:\/\/www.snalsfrosinone.it\/index.php?rest_route=\/wp\/v2\/posts\/1760","targetHints":{"allow":["GET"]}}],"collection":[{"href":"https:\/\/www.snalsfrosinone.it\/index.php?rest_route=\/wp\/v2\/posts"}],"about":[{"href":"https:\/\/www.snalsfrosinone.it\/index.php?rest_route=\/wp\/v2\/types\/post"}],"author":[{"embeddable":true,"href":"https:\/\/www.snalsfrosinone.it\/index.php?rest_route=\/wp\/v2\/users\/1"}],"replies":[{"embeddable":true,"href":"https:\/\/www.snalsfrosinone.it\/index.php?rest_route=%2Fwp%2Fv2%2Fcomments&post=1760"}],"version-history":[{"count":1,"href":"https:\/\/www.snalsfrosinone.it\/index.php?rest_route=\/wp\/v2\/posts\/1760\/revisions"}],"predecessor-version":[{"id":1763,"href":"https:\/\/www.snalsfrosinone.it\/index.php?rest_route=\/wp\/v2\/posts\/1760\/revisions\/1763"}],"wp:attachment":[{"href":"https:\/\/www.snalsfrosinone.it\/index.php?rest_route=%2Fwp%2Fv2%2Fmedia&parent=1760"}],"wp:term":[{"taxonomy":"category","embeddable":true,"href":"https:\/\/www.snalsfrosinone.it\/index.php?rest_route=%2Fwp%2Fv2%2Fcategories&post=1760"},{"taxonomy":"post_tag","embeddable":true,"href":"https:\/\/www.snalsfrosinone.it\/index.php?rest_route=%2Fwp%2Fv2%2Ftags&post=1760"}],"curies":[{"name":"wp","href":"https:\/\/api.w.org\/{rel}","templated":true}]}}