{"id":1855,"date":"2012-01-30T14:29:48","date_gmt":"2012-01-30T13:29:48","guid":{"rendered":"http:\/\/snalsfrosinone.it\/?p=1855"},"modified":"2012-02-08T14:31:32","modified_gmt":"2012-02-08T13:31:32","slug":"autogoverno-delle-istituzioni-scolastiche-e-stato-giuridico-dei-docenti-riprende-liter-parlamentare","status":"publish","type":"post","link":"https:\/\/www.snalsfrosinone.it\/?p=1855","title":{"rendered":"Autogoverno delle istituzioni scolastiche e stato giuridico dei docenti. Riprende l&#8217;iter parlamentare"},"content":{"rendered":"<p style=\"text-align: justify;\">La VII Commissione della Camera, nella seduta del 25 gennaio, ha ripreso l\u2019iter parlamentare della proposta di legge 953 (Aprea)ed abbinate, sospeso nella seduta del 3 luglio 2008.<\/p>\n<p style=\"text-align: justify;\">La presidente della Commissione, on.le Valentina Aprea, ha comunicato di aver predisposto un testo unificato della propria proposta e di quelle abbinate (Angela Napoli, Frassinetti, De Torre, De Pasquale, Cota) invitando la Commissione a consideralo quale testo base per la prosecuzione dell\u2019esame.<\/p>\n<p style=\"text-align: justify;\">La Presidente ha svolto un\u2019ampia relazione nel corso della quale ha dato conto del lavoro svolto sino alla seduta del 3 luglio 2008 e dell\u2019esame proseguito successivamente dal Comitato ristretto, nonch\u00e9 delle audizioni di tutti i soggetti interessati svolte nel corso del 2009.<\/p>\n<p style=\"text-align: justify;\">Ha illustrato i punti caratterizzanti la proposta di legge in esame evidenziandone gli aspetti fortemente innovativi relativamente ai nuovi organi di autogoverno delle istituzioni scolastiche e alle norme sullo stato giuridico dei docenti.<\/p>\n<p style=\"text-align: justify;\">Lo SNALS-Confsal, che a suo tempo \u00e8 stato ricevuto in audizione dalla VII Commissione, nel corso della quale rappresent\u00f2 le proprie valutazioni e proposte sul testo allora in esame, valuter\u00e0 con la dovuta attenzione il nuovo testo proposto dal relatore e chieder\u00e0 di essere ricevuta in una nuova audizione, considerato che nel frattempo sono state molte le novit\u00e0 intervenute nel confronto politico e sindacale sulle materie oggetto della proposta di legge (quali, ad esempio, quelle relative alla formazione, al reclutamento e alla valutazione).<\/p>\n","protected":false},"excerpt":{"rendered":"<p>La VII Commissione della Camera, nella seduta del 25 gennaio, ha ripreso l\u2019iter parlamentare della proposta di legge 953 (Aprea)ed abbinate, sospeso nella seduta del 3 luglio 2008. La presidente della Commissione, on.le Valentina Aprea, ha comunicato di aver predisposto un testo unificato della propria proposta e di quelle abbinate (Angela Napoli, Frassinetti, De Torre, [&hellip;]<\/p>\n","protected":false},"author":1,"featured_media":0,"comment_status":"closed","ping_status":"closed","sticky":false,"template":"","format":"standard","meta":{"footnotes":""},"categories":[20],"tags":[66,50],"class_list":["post-1855","post","type-post","status-publish","format-standard","hentry","category-personale-docente","tag-legge","tag-personale-docente-2"],"_links":{"self":[{"href":"https:\/\/www.snalsfrosinone.it\/index.php?rest_route=\/wp\/v2\/posts\/1855","targetHints":{"allow":["GET"]}}],"collection":[{"href":"https:\/\/www.snalsfrosinone.it\/index.php?rest_route=\/wp\/v2\/posts"}],"about":[{"href":"https:\/\/www.snalsfrosinone.it\/index.php?rest_route=\/wp\/v2\/types\/post"}],"author":[{"embeddable":true,"href":"https:\/\/www.snalsfrosinone.it\/index.php?rest_route=\/wp\/v2\/users\/1"}],"replies":[{"embeddable":true,"href":"https:\/\/www.snalsfrosinone.it\/index.php?rest_route=%2Fwp%2Fv2%2Fcomments&post=1855"}],"version-history":[{"count":1,"href":"https:\/\/www.snalsfrosinone.it\/index.php?rest_route=\/wp\/v2\/posts\/1855\/revisions"}],"predecessor-version":[{"id":1856,"href":"https:\/\/www.snalsfrosinone.it\/index.php?rest_route=\/wp\/v2\/posts\/1855\/revisions\/1856"}],"wp:attachment":[{"href":"https:\/\/www.snalsfrosinone.it\/index.php?rest_route=%2Fwp%2Fv2%2Fmedia&parent=1855"}],"wp:term":[{"taxonomy":"category","embeddable":true,"href":"https:\/\/www.snalsfrosinone.it\/index.php?rest_route=%2Fwp%2Fv2%2Fcategories&post=1855"},{"taxonomy":"post_tag","embeddable":true,"href":"https:\/\/www.snalsfrosinone.it\/index.php?rest_route=%2Fwp%2Fv2%2Ftags&post=1855"}],"curies":[{"name":"wp","href":"https:\/\/api.w.org\/{rel}","templated":true}]}}