{"id":1865,"date":"2012-01-31T14:38:35","date_gmt":"2012-01-31T13:38:35","guid":{"rendered":"http:\/\/snalsfrosinone.it\/?p=1865"},"modified":"2012-02-08T14:40:02","modified_gmt":"2012-02-08T13:40:02","slug":"milleproroghe-e-pensionamenti-personale-scolastico-limpegno-dello-snals-confsal-per-una-rapida-soluzione-legislativa","status":"publish","type":"post","link":"https:\/\/www.snalsfrosinone.it\/?p=1865","title":{"rendered":"Milleproroghe e pensionamenti personale scolastico: l&#8217;impegno dello SNALS-Confsal per una rapida soluzione legislativa"},"content":{"rendered":"<p>Trascriviamo la nota del Segretario Generale inviata in data odierna:<\/p>\n<p><!--more--><\/p>\n<p>&nbsp;<\/p>\n<p align=\"center\">\n<p align=\"left\"><em>Roma, 31 gennaio 2012<\/em><\/p>\n<p align=\"left\">Prot. 43-Segr\/MPN\/cs\/mm\/gen31<\/p>\n<p>&nbsp;<\/p>\n<p>&nbsp;<\/p>\n<p align=\"right\">Al Sen. Carlo Vizzini<\/p>\n<p align=\"right\">Presidente Commissione Affari Costituzionali<\/p>\n<p align=\"right\">\n<p align=\"right\">Al Sen. Antonio Azzollini<\/p>\n<p align=\"right\">Presidente Commissione Bilancio<\/p>\n<p align=\"right\">\n<p align=\"right\">Al Sen. Pasquale Giuliano<\/p>\n<p align=\"right\">Presidente Commissione Lavoro, Previdenza sociale<\/p>\n<p align=\"right\">\n<p align=\"right\">Al Sen. Guido Possa<\/p>\n<p align=\"right\">Presidente Commissione Istruzione<\/p>\n<p align=\"right\">\n<p align=\"right\">Ai Presidenti dei Gruppi Parlamentari<\/p>\n<p align=\"right\">Senato della Repubblica<\/p>\n<p align=\"right\">\n<p align=\"right\">\n<p align=\"right\">Al Presidente del Consiglio dei Ministri<\/p>\n<p align=\"right\">Prof. Mario Monti<\/p>\n<p align=\"right\">\n<p align=\"right\">Al Ministro dell\u2019Economia e Finanze<\/p>\n<p align=\"right\">Prof. Mario Monti<\/p>\n<p align=\"right\">\n<p align=\"right\">Al Ministro del Lavoro e Previdenza sociale<\/p>\n<p align=\"right\">Prof.ssa Elsa Fornero<\/p>\n<p align=\"right\">\n<p align=\"right\">Al Ministro dell\u2019Istruzione, Universit\u00e0 e Ricerca<\/p>\n<p align=\"right\">Prof. Francesco Profumo<\/p>\n<p align=\"right\">\n<p align=\"right\">LORO SEDI<\/p>\n<p>&nbsp;<\/p>\n<p>OGGETTO: <em>modifiche in materia previdenziale<\/em><\/p>\n<p>&nbsp;<\/p>\n<p>&nbsp;<\/p>\n<p>Nel prendere atto delle modifiche migliorative apportate al \u201cdecreto mille proroghe\u201d in sede di conversione in legge alla Camera dei Deputati, riteniamo indispensabile richiamare l\u2019attenzione delle SS.LL. su un problema rimasto insoluto, anche se \u00e8 stato oggetto di un ordine del giorno approvato alla Camera e su cui il Governo ha, tra l\u2019altro, espresso parere favorevole.<\/p>\n<p>&nbsp;<\/p>\n<p>Si tratta della salvaguardia dei requisiti di accesso e del regime delle decorrenze vigenti prima dell\u2019entrata in vigore del decreto legge 6 dicembre 2011 n. 201 convertito, con modificazioni, con legge\u00a0 22 dicembre 2011 n. 214 previsti al 31 dicembre 2011.<\/p>\n<p>&nbsp;<\/p>\n<p>Nel fissare tale termine non si \u00e8 tenuto conto delle peculiarit\u00e0 del comparto scuola che, per effetto di una specifica disciplina, prevede un\u2019unica \u201cfinestra\u201d di uscita, legata alla decorrenza dell\u2019anno scolastico. Si rende, quindi, necessario prevedere per il comparto scuola un differimento del termine generale al 31 agosto 2012, quale data per la salvaguardia dei requisiti di accesso e del regime delle decorrenze vigenti ante le\u00a0 nuove norme legislative citate al comma precedente.<\/p>\n<p>&nbsp;<\/p>\n<p>Il correttivo richiesto non solo \u00e8 motivato da esigenze di equit\u00e0 e giustizia, ma eviterebbe inevitabili tensioni in un settore strategico qual \u00e8 quello dell\u2019istruzione e un inevitabile contenzioso dalle conseguenze imprevedibili con pesanti ricadute negative sul regolare inizio del prossimo anno scolastico.<\/p>\n<p>&nbsp;<\/p>\n<p>Distinti saluti.<\/p>\n<p>&nbsp;<\/p>\n<p>&nbsp;<\/p>\n<p align=\"center\">Il Segretario Generale<\/p>\n<p style=\"text-align: center;\">(Marco Paolo Nigi)<\/p>\n","protected":false},"excerpt":{"rendered":"<p>Trascriviamo la nota del Segretario Generale inviata in data odierna:<\/p>\n","protected":false},"author":1,"featured_media":0,"comment_status":"closed","ping_status":"closed","sticky":false,"template":"","format":"standard","meta":{"footnotes":""},"categories":[35],"tags":[68,66,53,58],"class_list":["post-1865","post","type-post","status-publish","format-standard","hentry","category-pensioni-cessazioni","tag-comunicati-2","tag-legge","tag-pensionamenti","tag-segretario-generale"],"_links":{"self":[{"href":"https:\/\/www.snalsfrosinone.it\/index.php?rest_route=\/wp\/v2\/posts\/1865","targetHints":{"allow":["GET"]}}],"collection":[{"href":"https:\/\/www.snalsfrosinone.it\/index.php?rest_route=\/wp\/v2\/posts"}],"about":[{"href":"https:\/\/www.snalsfrosinone.it\/index.php?rest_route=\/wp\/v2\/types\/post"}],"author":[{"embeddable":true,"href":"https:\/\/www.snalsfrosinone.it\/index.php?rest_route=\/wp\/v2\/users\/1"}],"replies":[{"embeddable":true,"href":"https:\/\/www.snalsfrosinone.it\/index.php?rest_route=%2Fwp%2Fv2%2Fcomments&post=1865"}],"version-history":[{"count":1,"href":"https:\/\/www.snalsfrosinone.it\/index.php?rest_route=\/wp\/v2\/posts\/1865\/revisions"}],"predecessor-version":[{"id":1866,"href":"https:\/\/www.snalsfrosinone.it\/index.php?rest_route=\/wp\/v2\/posts\/1865\/revisions\/1866"}],"wp:attachment":[{"href":"https:\/\/www.snalsfrosinone.it\/index.php?rest_route=%2Fwp%2Fv2%2Fmedia&parent=1865"}],"wp:term":[{"taxonomy":"category","embeddable":true,"href":"https:\/\/www.snalsfrosinone.it\/index.php?rest_route=%2Fwp%2Fv2%2Fcategories&post=1865"},{"taxonomy":"post_tag","embeddable":true,"href":"https:\/\/www.snalsfrosinone.it\/index.php?rest_route=%2Fwp%2Fv2%2Ftags&post=1865"}],"curies":[{"name":"wp","href":"https:\/\/api.w.org\/{rel}","templated":true}]}}