{"id":1893,"date":"2012-02-13T14:37:46","date_gmt":"2012-02-13T13:37:46","guid":{"rendered":"http:\/\/snalsfrosinone.it\/?p=1893"},"modified":"2012-02-16T14:39:40","modified_gmt":"2012-02-16T13:39:40","slug":"rsu-un-voto-importante-per-difendere-i-propri-diritti-il-segretario-generale-risponde-alle-domande-di-la-tecnica-della-scuola","status":"publish","type":"post","link":"https:\/\/www.snalsfrosinone.it\/?p=1893","title":{"rendered":"RSU, un voto importante per difendere i propri diritti. Il Segretario Generale risponde alle domande di &#8220;LA TECNICA DELLA SCUOLA&#8221;"},"content":{"rendered":"<p>LA TECNICA DELLA SCUOLA, nel num. 11 del 10 febbraio 2012, ha rivolto alcune domande sull\u2019imminente voto per le RSU ai responsabili dei sindacati della scuola.<\/p>\n<p style=\"text-align: justify;\">Riportiamo le risposte del Segretario Generale dello SNALS-Confsal, prof. Marco Paolo NIGI.<\/p>\n<p style=\"text-align: justify;\"><!--more--><\/p>\n<p style=\"text-align: justify;\">\n<p style=\"text-align: justify;\"><strong>VERSO IL VOTO. Sindacati e associazioni a confronto su programmi e candidature<\/strong><\/p>\n<p style=\"text-align: justify;\"><em>Il prossimo 8 febbraio scadono i termini per la presentazione delle liste per il rinnovo delle Rsu in pi\u00f9 di 9mila istituzioni scolastiche di tutta Italia.<\/em><\/p>\n<p style=\"text-align: justify;\"><em>Subito dopo prender\u00e0 avvio la campagna elettorale mentre il voto si svolger\u00e0 tra il 5 e il 7 marzo. Per la met\u00e0 di marzo i nuovi eletti potranno entrare in carica.<\/em><\/p>\n<p style=\"text-align: justify;\"><em>Di questa importante scadenza parliamo con i responsabili delle principali sigle che si presenteranno al voto\u2026<\/em><\/p>\n<p style=\"text-align: justify;\">\n<ul style=\"text-align: justify;\">\n<li>IL DECRETO LEGISLATIVO N. 150 DEL 2009 HA RIDOTTO GLI SPAZI DELLA CONTRATTAZIONE INTEGRATIVA. CHE SENSO PUO\u2019 AVERE ANCORA LA CONTRATTAZIONE DI ISTITUTO?<\/li>\n<\/ul>\n<p style=\"text-align: justify;\">NIGI: Lo Snals-Confsal pretende da tempo, dal legislatore e dal Governo, di uscire finalmente da ambiguit\u00e0 e contraddizioni che sono state provocate dal decreto 150.<\/p>\n<p style=\"text-align: justify;\">Non si \u00e8 tenuto conto delle specificit\u00e0 della scuola, delle prerogative professionali e individuali, in particolare dei docenti, del nuovo assetto organizzativo e degli spazi di decisione che, nella scuola dell\u2019autonomia, sono e devono essere in gran parte collegiali. E\u2019, dunque, un\u2019assurdit\u00e0 la restrizione degli spazi della contrattazione.<\/p>\n<p style=\"text-align: justify;\">\n<ul style=\"text-align: justify;\">\n<li>QUALE DOVREBBE ESSERE LA FUNZIONE PRINCIPALE DELLE RSU DI ISTITUTO?<\/li>\n<\/ul>\n<p style=\"text-align: justify;\">N.: Il rafforzamento dell\u2019autonomia richiede pi\u00f9 condivisione e partecipazione dei protagonisti del servizio di istruzione. A maggior ragione di fronte ai profondi processi di riorganizzazione sul territorio delle istituzioni scolastiche, che saranno di pi\u00f9 grandi dimensioni, con un pi\u00f9 elevato numero di alunni e docenti, con una pluralit\u00e0 di sedi. Proprio su questo aspetto lo Snals-Confsal ha lanciato una diffida verso quei dirigenti scolastici che considerano l\u2019assegnazione dei docenti alle sezioni distaccate e ai plessi una materia da sottrarre alla contrattazione, facendo aumentare inutilmente una conflittualit\u00e0 di cui la scuola non ha certamente bisogno.<\/p>\n<p style=\"text-align: justify;\">\n<ul style=\"text-align: justify;\">\n<li>PUO\u2019 PROVARE A CONDENSARE IN DUE E TRE \u201cSLOGAN\u201d IL PROGRAMMA CHE IL SUO SINDACATO PROPORRA\u2019 NEL CORSO DELLE PROSSIME ELEZIONI?<\/li>\n<\/ul>\n<p style=\"text-align: justify;\">N.: Lo Snals-Confsal non lancia slogan di comodo per la tornata elettorale, ma prosegue nel portare avanti, con le sue liste in ogni scuola, l\u2019impegno per la seriet\u00e0 della scuola, l\u2019autonomia e la libert\u00e0, la valorizzazione del personale che passa anche da una rivalutazione delle retribuzioni, da equiparare a quelle dei docenti dei Paesi dell\u2019euro zona. Rafforzare la posizione del sindacato e il ruolo delle Rsu serve anche a far diventare le ultime decisioni del Governo una reale occasione di riconoscimento del ruolo sociale del personale e di sviluppo dell\u2019istruzione, della formazione e della ricerca del nostro Paese.<\/p>\n","protected":false},"excerpt":{"rendered":"<p>LA TECNICA DELLA SCUOLA, nel num. 11 del 10 febbraio 2012, ha rivolto alcune domande sull\u2019imminente voto per le RSU ai responsabili dei sindacati della scuola. Riportiamo le risposte del Segretario Generale dello SNALS-Confsal, prof. Marco Paolo NIGI.<\/p>\n","protected":false},"author":1,"featured_media":0,"comment_status":"closed","ping_status":"closed","sticky":false,"template":"","format":"standard","meta":{"footnotes":""},"categories":[81],"tags":[84,58],"class_list":["post-1893","post","type-post","status-publish","format-standard","hentry","category-r-s-u","tag-r-s-u","tag-segretario-generale"],"_links":{"self":[{"href":"https:\/\/www.snalsfrosinone.it\/index.php?rest_route=\/wp\/v2\/posts\/1893","targetHints":{"allow":["GET"]}}],"collection":[{"href":"https:\/\/www.snalsfrosinone.it\/index.php?rest_route=\/wp\/v2\/posts"}],"about":[{"href":"https:\/\/www.snalsfrosinone.it\/index.php?rest_route=\/wp\/v2\/types\/post"}],"author":[{"embeddable":true,"href":"https:\/\/www.snalsfrosinone.it\/index.php?rest_route=\/wp\/v2\/users\/1"}],"replies":[{"embeddable":true,"href":"https:\/\/www.snalsfrosinone.it\/index.php?rest_route=%2Fwp%2Fv2%2Fcomments&post=1893"}],"version-history":[{"count":1,"href":"https:\/\/www.snalsfrosinone.it\/index.php?rest_route=\/wp\/v2\/posts\/1893\/revisions"}],"predecessor-version":[{"id":1894,"href":"https:\/\/www.snalsfrosinone.it\/index.php?rest_route=\/wp\/v2\/posts\/1893\/revisions\/1894"}],"wp:attachment":[{"href":"https:\/\/www.snalsfrosinone.it\/index.php?rest_route=%2Fwp%2Fv2%2Fmedia&parent=1893"}],"wp:term":[{"taxonomy":"category","embeddable":true,"href":"https:\/\/www.snalsfrosinone.it\/index.php?rest_route=%2Fwp%2Fv2%2Fcategories&post=1893"},{"taxonomy":"post_tag","embeddable":true,"href":"https:\/\/www.snalsfrosinone.it\/index.php?rest_route=%2Fwp%2Fv2%2Ftags&post=1893"}],"curies":[{"name":"wp","href":"https:\/\/api.w.org\/{rel}","templated":true}]}}