{"id":1980,"date":"2012-03-05T14:37:26","date_gmt":"2012-03-05T13:37:26","guid":{"rendered":"http:\/\/snalsfrosinone.it\/?p=1980"},"modified":"2012-04-23T14:41:14","modified_gmt":"2012-04-23T12:41:14","slug":"mobilita-personale-docente-educativo-ed-a-t-a-a-s-20122013-firmata-lo-m-scadenza-delle-domande-al-30032012","status":"publish","type":"post","link":"https:\/\/www.snalsfrosinone.it\/?p=1980","title":{"rendered":"Mobilit\u00e0 personale docente, educativo ed a.t.a. a.s. 2012\/2013: firmata l&#8217;O.M. &#8211; Scadenza delle domande al 30\/03\/2012"},"content":{"rendered":"<p style=\"text-align: justify;\">Vi comunichiamo che il MIUR, con nota prot. n. 1682 del 5\/03\/2012, ha diramato il Contratto collettivo nazionale integrativo per la Mobilit\u00e0, sottoscritto in data 29\/2\/2012 (da noi gi\u00e0 pubblicato in internet ed in area riservata in pari data), nonch\u00e8 l\u2019O.M. n. 20 del 5\/3\/2012.<\/p>\n<p style=\"text-align: justify;\">Nella nota 1682, il MIUR precisa che sar\u00e0 successivamente emanata una specifica Ordinanza Ministeriale relativa alla mobilit\u00e0 degli insegnanti di religione cattolica, in attuazione dell\u2019art. 37 bis del CCNI 29\/02\/2012.<\/p>\n<p style=\"text-align: justify;\">La nota emanata in data odierna comunica, altres\u00ec, che sono obbligati a produrre domanda di mobilit\u00e0 via web i docenti che producano domanda per e nell\u2019ambito della scuola primaria e secondaria di primo e secondo grado e per e nell\u2019ambito della scuola dell\u2019infanzia, con la procedura POLIS prevista nella nota 1132 del 16\/2\/2012. Richiama, altres\u00ec, le motivazioni previste dal CCNI per la riapertura del confronto negoziale per la mobilit\u00e0, sia per problemi legati al dimensionamento della rete scolastica, che per la mobilit\u00e0 del personale docente inidoneo che ha prodotto domanda per transitare nei ruoli ATA; sottolinea i nuovi vincoli, derivanti ai fini della mobilit\u00e0 interprovinciale, dall\u2019applicazione dell\u2019art. 9 comma 21 della legge n. 106\/11, chiarendo altres\u00ec l\u2019esclusione dall\u2019applicazione di tale norma del personale di cui all\u2019art. 7 comma 1 punto I &#8211; III e V del CCNI; chiarisce, altres\u00ec, che l\u2019O.M. n. 20, emanata dopo l\u2019entrata in vigore della L. n. 183\/11, (che modifica i contenuti del D.P.R. n. 445\/00), integra e modifica rispetto al CCNI in materia di documentazioni e certificazioni mediche, quanto previsto dall\u2019art. 9 dello stesso. <strong>La nota sottolinea, altres\u00ec, che il termine ultimo per la presentazione delle domande di mobilit\u00e0 per il personale docente, educativo ed ATA \u00e8 fissato al 30\/03\/2012<\/strong>.<\/p>\n","protected":false},"excerpt":{"rendered":"<p>Vi comunichiamo che il MIUR, con nota prot. n. 1682 del 5\/03\/2012, ha diramato il Contratto collettivo nazionale integrativo per la Mobilit\u00e0, sottoscritto in data 29\/2\/2012 (da noi gi\u00e0 pubblicato in internet ed in area riservata in pari data), nonch\u00e8 l\u2019O.M. n. 20 del 5\/3\/2012. Nella nota 1682, il MIUR precisa che sar\u00e0 successivamente emanata [&hellip;]<\/p>\n","protected":false},"author":1,"featured_media":0,"comment_status":"closed","ping_status":"closed","sticky":false,"template":"","format":"standard","meta":{"footnotes":""},"categories":[18],"tags":[68,56,49],"class_list":["post-1980","post","type-post","status-publish","format-standard","hentry","category-mobilita-e-utilizzazioni","tag-comunicati-2","tag-miur","tag-mobilita"],"_links":{"self":[{"href":"https:\/\/www.snalsfrosinone.it\/index.php?rest_route=\/wp\/v2\/posts\/1980","targetHints":{"allow":["GET"]}}],"collection":[{"href":"https:\/\/www.snalsfrosinone.it\/index.php?rest_route=\/wp\/v2\/posts"}],"about":[{"href":"https:\/\/www.snalsfrosinone.it\/index.php?rest_route=\/wp\/v2\/types\/post"}],"author":[{"embeddable":true,"href":"https:\/\/www.snalsfrosinone.it\/index.php?rest_route=\/wp\/v2\/users\/1"}],"replies":[{"embeddable":true,"href":"https:\/\/www.snalsfrosinone.it\/index.php?rest_route=%2Fwp%2Fv2%2Fcomments&post=1980"}],"version-history":[{"count":3,"href":"https:\/\/www.snalsfrosinone.it\/index.php?rest_route=\/wp\/v2\/posts\/1980\/revisions"}],"predecessor-version":[{"id":1982,"href":"https:\/\/www.snalsfrosinone.it\/index.php?rest_route=\/wp\/v2\/posts\/1980\/revisions\/1982"}],"wp:attachment":[{"href":"https:\/\/www.snalsfrosinone.it\/index.php?rest_route=%2Fwp%2Fv2%2Fmedia&parent=1980"}],"wp:term":[{"taxonomy":"category","embeddable":true,"href":"https:\/\/www.snalsfrosinone.it\/index.php?rest_route=%2Fwp%2Fv2%2Fcategories&post=1980"},{"taxonomy":"post_tag","embeddable":true,"href":"https:\/\/www.snalsfrosinone.it\/index.php?rest_route=%2Fwp%2Fv2%2Ftags&post=1980"}],"curies":[{"name":"wp","href":"https:\/\/api.w.org\/{rel}","templated":true}]}}