{"id":2081,"date":"2012-03-30T14:34:01","date_gmt":"2012-03-30T12:34:01","guid":{"rendered":"http:\/\/snalsfrosinone.it\/?p=2081"},"modified":"2012-03-30T14:35:28","modified_gmt":"2012-03-30T12:35:28","slug":"formazione-del-personale-docente-educativo-ed-a-t-a-incontro-al-miur","status":"publish","type":"post","link":"https:\/\/www.snalsfrosinone.it\/?p=2081","title":{"rendered":"Formazione del personale docente, educativo ed A.T.A. &#8211; Incontro al MIUR"},"content":{"rendered":"<p style=\"text-align: justify;\">Nella mattinata di oggi si \u00e8 svolto al MIUR un incontro per discutere il seguente o.d.g.: \u201c<em>informazione preliminare per la predisposizione dell\u2019atto datoriale 2012 in materia di formazione del personale docente ed ATA e per l\u2019avvio della collegata contrattazione<\/em>\u201d<em>.<\/em><\/p>\n<p style=\"text-align: justify;\">\n<p style=\"text-align: justify;\">L\u2019Amministrazione era rappresentata dal Direttore Generale della Scuola dott. Luciano Chiappetta nonch\u00e9 dai dott. Piscitelli, Manca, Cicala e Calcerano.<\/p>\n<p style=\"text-align: justify;\">In realt\u00e0, la discussione \u00e8 andata ben oltre l\u2019ordine del giorno, con la consegna, tra l\u2019altro, di numerosi documenti in relazione ai seguenti argomenti:<\/p>\n<ul style=\"text-align: justify;\">\n<li>anagrafe professionalit\u00e0 docenti a tempo indeterminato. Aggiornamento;<\/li>\n<li>bozza di circolare piano formazione lingue scuola primaria &#8211; Terza annualit\u00e0 primo contingente;<\/li>\n<li>corsi di formazione per il conseguimento della specializzazione per le attivit\u00e0 di sostegno destinati al personale docente in esubero &#8211; a.s. 2012-2013;<\/li>\n<li>bozza di circolare relativa a formazione in ingresso per il personale docente ed educativo a.s. 2012\/2013;<\/li>\n<li>bozza decreto CLIL e bozza di circolare.<\/li>\n<\/ul>\n<p style=\"text-align: justify;\">\n<p style=\"text-align: justify;\">In premessa, il Direttore generale del personale della scuola, dott. Chiappetta, ha chiarito che il MIUR per quanto attiene la formazione del personale docente ed ATA, ha avuto precise indicazioni dalla Funzione Pubblica sulla inderogabile necessit\u00e0 di predisporre preventivamente un atto datoriale e procedere, successivamente, agli aspetti contrattuali.<!--more--><\/p>\n<p style=\"text-align: justify;\">Inoltre, il dott. Chiappetta ha:<\/p>\n<p style=\"text-align: justify;\">&#8211;\u00a0\u00a0\u00a0\u00a0\u00a0\u00a0 in relazione alla bozza di circolare relativa all\u2019anagrafe professionale docenti, chiarito che la richiesta di compilazione dei titoli posseduti verr\u00e0 destinata a tutto il personale docente e, non solo, come avvenuto in passato, al personale in esubero. Ci\u00f2 nel duplice intento di realizzare un\u2019anagrafe completa delle professionalit\u00e0 di tale personale, anche al fine di eventuali incarichi da poter conferire allo stesso, ai vari livelli, con la massima trasparenza. L\u2019anagrafe si avvarr\u00e0, per la sua realizzazione, delle funzionalit\u00e0 del sistema POLIS; in tal senso l\u2019Amministrazione ha garantito che la banca dati potr\u00e0 essere utilizzata anche ai fini di altre domande da produrre con la funzionalit\u00e0 POLIS;<\/p>\n<p style=\"text-align: justify;\">&#8211;\u00a0\u00a0\u00a0\u00a0\u00a0\u00a0 per quanto riguarda la bozza di decreto relativa al sostegno, precisato che si tratta di corsi che saranno finalizzati al conseguimento del titolo di specializzazione per il sostegno e saranno destinati ai docenti appartenenti a materie in esubero, non nei limiti numerici dell\u2019esubero stesso, ma possibilmente in numero ben pi\u00f9 ampio;<\/p>\n<p style=\"text-align: justify;\">&#8211;\u00a0\u00a0\u00a0\u00a0\u00a0\u00a0 precisato che questa \u00e8 un\u2019iniziativa specifica, che non ha niente a che vedere n\u00e9 con i corsi di sostegno dei quali si \u00e8 parlato nei tavoli relativi al TFA, n\u00e9 con i corsi di formazione sulla specifica materia (non finalizzati all\u2019acquisizione del titolo previsto per l\u2019insegnamento al sostegno, ma solo quali approfondimenti e formazione), per i quali partiranno apposite iniziative successivamente organizzate dalla Direzione Generale dello studente. Ha precisato, altres\u00ec, che la partecipazione ai corsi per i quali \u00e8 stata consegnata la bozza di decreto, sar\u00e0 assolutamente volontaria da parte dei richiedenti, e non comporter\u00e0 obbligo di utilizzo sul sostegno da parte dei corsisti;<\/p>\n<p style=\"text-align: justify;\">&#8211;\u00a0\u00a0\u00a0\u00a0\u00a0\u00a0 inoltre, illustrato brevemente i contenuti della circolare per la formazione in ingresso e ha consegnato una nuova bozza di decreto CLIL e relativa circolare.<\/p>\n<p style=\"text-align: justify;\">\n<p style=\"text-align: justify;\">La delegazione SNALS-Confsal, nel riservarsi di presentare, entro il 3 aprile, osservazioni sulla copiosa documentazione consegnata dall\u2019Amministrazione, ha:<\/p>\n<ul style=\"text-align: justify;\">\n<li>richiesto di dare un lasso di tempo abbastanza lungo agli interessati per la compilazione della scheda prevista dalla circolare dell\u2019anagrafe sulle professionalit\u00e0, evidenziando le disfunzioni manifestatesi nell\u2019utilizzo di POLIS, ad esempio, per le domande di mobilit\u00e0 del personale docente, dovute alla continua caduta della linea e alla frequente inaccessibilit\u00e0 della stessa;<\/li>\n<li>richiesto che tutti i dati inseriti dal personale nel sistema POLIS, sempre pi\u00f9 frequentemente richiesti, in relazione a varie problematiche, siano conservati in una banca dati, per non costringere il personale interessato ad inserire ogni volta i dati dei titoli gi\u00e0 posseduti, effettuando soltanto un eventuale aggiornamento degli stessi;<\/li>\n<li>formulato specifiche contestuali osservazioni sulla scheda presentata in relazione all\u2019anagrafe, chiedendo di modificarla, in modo da renderla pi\u00f9 trasparente, fruibile e completa;<\/li>\n<li>fatto riferimento ai contenuti della richiesta unitaria, in materia di formazione, sottoscritta in data 8 marzo 2012, avente per oggetto: \u201c<em>Formazione del personale scolastico<\/em>\u201d;<\/li>\n<li>respinto in toto l\u2019ipotesi di procedere per l\u2019a.s. 2011\/2012, alla definizione di un atto datoriale per definire il piano di formazione del personale docente ed ATA;<\/li>\n<li>rivendicato, come previsto all\u2019art. 4 del CCNL 29\/11\/2007, che sia regolarmente contrattata la formazione del personale docente ed ATA per l\u2019a.s. 2011\/2012, pervenendo alla sottoscrizione di una ipotesi di CCNI sull\u2019intera materia;<\/li>\n<li>evidenziato l\u2019inderogabile urgenza di procedere a tale contrattazione;<\/li>\n<li>richiesto di avviare, quanto prima, la formazione del personale neo immesso in ruolo, per consentire allo stesso di completare l\u2019iter procedurale previsto;<\/li>\n<li>per quanto attiene il CLIL, ancora una volta, sottolineato che sarebbe opportuno, dato che siamo quasi arrivati alla fine dell\u2019anno scolastico, rinviare l\u2019avvio dei corsi CLIL al prossimo anno scolastico, al fine di renderli credibili e qualificanti, data la loro portata, fortemente innovativa; ribadito che, in assenza di certezze di adeguata qualit\u00e0, sia preferibile il rinvio richiesto dal nostro sindacato;<\/li>\n<li>chiesto, altres\u00ec, per quanto riguarda l\u2019avvio del piano di formazione lingue per i docenti di scuola primaria, di inviare adeguate istruzioni ai dirigenti scolastici per chiarire che la formazione linguistica non pu\u00f2 essere imposta al personale e che quindi bisogna tener conto della partecipazione volontaria del personale a tali corsi, non \u201ccostringendo\u201d, talvolta, ad esempio, il personale ormai alle soglie della pensione a frequentarli;<\/li>\n<li>formulato specifiche richieste di integrazione sulla formazione dei neo assunti in ruolo, chiedendo di precisare, nel corpo della circolare, alcuni aspetti che hanno determinato, in passato, forti dubbi interpretativi e di ribadire la validit\u00e0 di alcune note chiarificatrici gi\u00e0 emanate dal MIUR, o, ancor meglio, inserirne i contenuti, per le parti ancora valide, nella emananda circolare che non pu\u00f2 essere ulteriormente rinviata.<\/li>\n<\/ul>\n","protected":false},"excerpt":{"rendered":"<p>Nella mattinata di oggi si \u00e8 svolto al MIUR un incontro per discutere il seguente o.d.g.: \u201cinformazione preliminare per la predisposizione dell\u2019atto datoriale 2012 in materia di formazione del personale docente ed ATA e per l\u2019avvio della collegata contrattazione\u201d. L\u2019Amministrazione era rappresentata dal Direttore Generale della Scuola dott. Luciano Chiappetta nonch\u00e9 dai dott. Piscitelli, Manca, [&hellip;]<\/p>\n","protected":false},"author":1,"featured_media":0,"comment_status":"closed","ping_status":"closed","sticky":false,"template":"","format":"standard","meta":{"footnotes":""},"categories":[19],"tags":[68,75,56,52,50,51],"class_list":["post-2081","post","type-post","status-publish","format-standard","hentry","category-formazione-aggiornamento","tag-comunicati-2","tag-formazione","tag-miur","tag-personale-ata","tag-personale-docente-2","tag-personale-educativo"],"_links":{"self":[{"href":"https:\/\/www.snalsfrosinone.it\/index.php?rest_route=\/wp\/v2\/posts\/2081","targetHints":{"allow":["GET"]}}],"collection":[{"href":"https:\/\/www.snalsfrosinone.it\/index.php?rest_route=\/wp\/v2\/posts"}],"about":[{"href":"https:\/\/www.snalsfrosinone.it\/index.php?rest_route=\/wp\/v2\/types\/post"}],"author":[{"embeddable":true,"href":"https:\/\/www.snalsfrosinone.it\/index.php?rest_route=\/wp\/v2\/users\/1"}],"replies":[{"embeddable":true,"href":"https:\/\/www.snalsfrosinone.it\/index.php?rest_route=%2Fwp%2Fv2%2Fcomments&post=2081"}],"version-history":[{"count":0,"href":"https:\/\/www.snalsfrosinone.it\/index.php?rest_route=\/wp\/v2\/posts\/2081\/revisions"}],"wp:attachment":[{"href":"https:\/\/www.snalsfrosinone.it\/index.php?rest_route=%2Fwp%2Fv2%2Fmedia&parent=2081"}],"wp:term":[{"taxonomy":"category","embeddable":true,"href":"https:\/\/www.snalsfrosinone.it\/index.php?rest_route=%2Fwp%2Fv2%2Fcategories&post=2081"},{"taxonomy":"post_tag","embeddable":true,"href":"https:\/\/www.snalsfrosinone.it\/index.php?rest_route=%2Fwp%2Fv2%2Ftags&post=2081"}],"curies":[{"name":"wp","href":"https:\/\/api.w.org\/{rel}","templated":true}]}}