{"id":2173,"date":"2012-05-18T14:32:19","date_gmt":"2012-05-18T12:32:19","guid":{"rendered":"http:\/\/snalsfrosinone.it\/?p=2173"},"modified":"2012-05-21T14:33:53","modified_gmt":"2012-05-21T12:33:53","slug":"tfa-faq-di-chiarimento-emanate-dal-miur","status":"publish","type":"post","link":"https:\/\/www.snalsfrosinone.it\/?p=2173","title":{"rendered":"TFA: FAQ di chiarimento emanate dal MIUR"},"content":{"rendered":"<p style=\"text-align: justify;\">Riportiamo di seguito le prime 4 FAQ di chiarimento emanate dal MIUR \u2013 Dipartimento Universit\u00e0.<\/p>\n<p style=\"text-align: justify;\">Le risposte non esauriscono certamente le problematiche poste dal sindacato, come comunicato il 15 maggio scorso.<\/p>\n<p style=\"text-align: justify;\">Opereremo affinch\u00e8, nel pi\u00f9 breve tempo possibile, vengano emanati i necessari chiarimenti sulle problematiche \u201cpi\u00f9 delicate\u201d che al momento non risultano affrontate.<\/p>\n<p style=\"text-align: justify;\">\n<p><em>FAQ 18\/05\/2012<\/em><\/p>\n<p>1)\u00a0\u00a0\u00a0\u00a0\u00a0\u00a0\u00a0 Uno studente pu\u00f2 iscriversi a d un corso TFA se \u00e8 iscritto ad un corso di laurea o post laurea?<\/p>\n<p>Vi \u00e8 incompatibilit\u00e0 tra il TFA \u201c2011\/2012\u201d e l\u2019iscrizione a corsi universitari per l\u2019a.a. 2012-13.<\/p>\n<p>&nbsp;<\/p>\n<p>2)\u00a0\u00a0\u00a0\u00a0\u00a0\u00a0\u00a0 Qual \u00e8 la scadenza ultima entro cui i candidati possono conseguire i titoli di ammissione?<\/p>\n<p>Il 4 giugno 2012.<\/p>\n<p>&nbsp;<\/p>\n<p>3)\u00a0\u00a0\u00a0\u00a0\u00a0\u00a0\u00a0 Vi sono dei controlli tra residenza\/domicilio e la regione\/provincia in cui si svolge il TFA?<\/p>\n<p>No. E\u2019 possibile risiedere in una regione ed iscriversi al TFA di un\u2019altra regione.<\/p>\n<p>&nbsp;<\/p>\n<p>4)\u00a0\u00a0\u00a0\u00a0\u00a0\u00a0\u00a0 Chi \u00e8 gi\u00e0 in possesso dell\u2019abilitazione all\u2019insegnamento per classi di concorso apicali, 49\/A e 52\/A, appartenenti agli ex Ambiti disciplinari, pu\u00f2 partecipare a classi per le quali \u00e8, a cascata, gi\u00e0 abilitato?<\/p>\n<p>Chi \u00e8 gi\u00e0 abilitato per la cl. 49\/A o per la 52\/A, non \u00e8 tenuto a partecipare al TFA per le classi rispettivamente 47\/A,48\/A, e 51\/A, 50\/A in quanto gi\u00e0 abilitato per tutte le classi dell\u2019Ambito.<\/p>\n","protected":false},"excerpt":{"rendered":"<p>Riportiamo di seguito le prime 4 FAQ di chiarimento emanate dal MIUR \u2013 Dipartimento Universit\u00e0. Le risposte non esauriscono certamente le problematiche poste dal sindacato, come comunicato il 15 maggio scorso. Opereremo affinch\u00e8, nel pi\u00f9 breve tempo possibile, vengano emanati i necessari chiarimenti sulle problematiche \u201cpi\u00f9 delicate\u201d che al momento non risultano affrontate. FAQ 18\/05\/2012 [&hellip;]<\/p>\n","protected":false},"author":1,"featured_media":0,"comment_status":"closed","ping_status":"closed","sticky":false,"template":"","format":"standard","meta":{"footnotes":""},"categories":[19],"tags":[75,56],"class_list":["post-2173","post","type-post","status-publish","format-standard","hentry","category-formazione-aggiornamento","tag-formazione","tag-miur"],"_links":{"self":[{"href":"https:\/\/www.snalsfrosinone.it\/index.php?rest_route=\/wp\/v2\/posts\/2173","targetHints":{"allow":["GET"]}}],"collection":[{"href":"https:\/\/www.snalsfrosinone.it\/index.php?rest_route=\/wp\/v2\/posts"}],"about":[{"href":"https:\/\/www.snalsfrosinone.it\/index.php?rest_route=\/wp\/v2\/types\/post"}],"author":[{"embeddable":true,"href":"https:\/\/www.snalsfrosinone.it\/index.php?rest_route=\/wp\/v2\/users\/1"}],"replies":[{"embeddable":true,"href":"https:\/\/www.snalsfrosinone.it\/index.php?rest_route=%2Fwp%2Fv2%2Fcomments&post=2173"}],"version-history":[{"count":2,"href":"https:\/\/www.snalsfrosinone.it\/index.php?rest_route=\/wp\/v2\/posts\/2173\/revisions"}],"predecessor-version":[{"id":2175,"href":"https:\/\/www.snalsfrosinone.it\/index.php?rest_route=\/wp\/v2\/posts\/2173\/revisions\/2175"}],"wp:attachment":[{"href":"https:\/\/www.snalsfrosinone.it\/index.php?rest_route=%2Fwp%2Fv2%2Fmedia&parent=2173"}],"wp:term":[{"taxonomy":"category","embeddable":true,"href":"https:\/\/www.snalsfrosinone.it\/index.php?rest_route=%2Fwp%2Fv2%2Fcategories&post=2173"},{"taxonomy":"post_tag","embeddable":true,"href":"https:\/\/www.snalsfrosinone.it\/index.php?rest_route=%2Fwp%2Fv2%2Ftags&post=2173"}],"curies":[{"name":"wp","href":"https:\/\/api.w.org\/{rel}","templated":true}]}}