{"id":2234,"date":"2012-06-13T14:39:32","date_gmt":"2012-06-13T12:39:32","guid":{"rendered":"http:\/\/snalsfrosinone.it\/?p=2234"},"modified":"2012-06-18T14:40:54","modified_gmt":"2012-06-18T12:40:54","slug":"amministrativi-presentata-proposta-riorganizzazione-miur","status":"publish","type":"post","link":"https:\/\/www.snalsfrosinone.it\/?p=2234","title":{"rendered":"Amministrativi: Presentata proposta riorganizzazione MIUR"},"content":{"rendered":"<p style=\"text-align: justify;\">Questa mattina \u00e8 stato consegnato ai vertici del MIUR il documento unitario, sottoscritto da tutte le OO.SS., con cui sono state formulate proposte circa l\u2019applicazione della spending review.<\/p>\n<p style=\"text-align: justify;\">Consapevoli del gravissimo momento di crisi economica, abbiamo elaborato una proposta che tende ad abbattere gli sprechi e soprattutto salvaguardare ed ottimizzare le procedure.<\/p>\n<p style=\"text-align: justify;\">Il testo \u00e8 frutto di una considerevole mediazione tra tutte le OO.SS., dalle sigle pi\u00f9 moderate alle pi\u00f9 \u201caccese\u201d. Dopo alcuni comprensibili\u00a0 momenti di tensione ha prevalso la condivisione di un unico obiettivo: salvaguardare i posti di lavoro, perch\u00e9 il vero problema non \u00e8 tanto la sede ma le competenze, in quanto, venendo meno queste, si potrebbero attivare procedure per le quali, dopo due anni di messa in mobilit\u00e0, si concretizzerebbe il rischio di perdere il posto di lavoro.<\/p>\n<p style=\"text-align: justify;\">Ancora una volta, infatti, non si pu\u00f2 nascondere una notevole preoccupazione per il perdurante e quasi \u201costinato\u201d silenzio dell\u2019Amministrazione, mentre sorge il sospetto che dilazionare i tempi possa essere una strategia per cos\u00ec dire \u201c<em>del fatto compiuto<\/em>\u2026\u201d .<\/p>\n<p style=\"text-align: justify;\">\u00a0Se entro luned\u00ec prossimo 18 giugno, non arriver\u00e0 alcun \u201csegnale\u201d da parte dell\u2019Amministrazione, sar\u00e0 proclamato lo stato di agitazione con il principale e fondamentale <span style=\"text-decoration: underline;\">obiettivo del mantenimento di tutti gli uffici territoriali.<\/span><\/p>\n<p style=\"text-align: justify;\">E\u2019 necessario che tutti &#8211; nessuno escluso &#8211; acquisiscano la consapevolezza del gravissimo reale ed immediato rischio che si corre, e di conseguenza che tutti se ne facciano carico, soprattutto in modo attivo ed operativo, senza attendere che \u201cgli altri\u201d agiscano per i nostri personali diretti ed urgenti interessi !<\/p>\n<p style=\"text-align: justify;\">Il momento \u00e8 a nostro favore, considerati tutti gli adempimenti amministrativi in corso, dagli esami di stato ai trasferimenti ed a quanto \u00e8 connesso e propedeutico all\u2019avvio del prossimo anno scolastico, anche alla luce dei problemi sollevati dalla recentissima Sentenza della Corte Costituzionale, n. 147\/2012, che dichiara incostituzionali alcune rilevanti norme riferite al dimensionamento scolastico.<\/p>\n<p style=\"text-align: justify;\">E\u2019 fondamentale sottolineare il peso politico e l\u2019impatto sull\u2019utenza che un\u2019azione forte posta in essere in questo momento avrebbe in termini di visibilit\u00e0 ed attenzione da parte dei media, in quanto tutti si sentirebbero direttamente od indirettamente coinvolti ed interessati. Quasi in ogni famiglia v\u2019\u00e8, infatti o un figlio o un nipote studenti o un genitore o un figlio dipendenti MIUR di ruolo o precari in attesa di nomina.<\/p>\n<p style=\"text-align: justify;\">Ancora una volta, infine, si esprime amarezza per la scorretta anticipata diffusione di una ipotesi di documento congiunto \u2013 su cui una sigla aveva espresso critiche \u2013 e che poi ha condiviso nella stesura definitiva ufficialmente diffusa.<\/p>\n<p style=\"text-align: justify;\">Vi terremo tempestivamente informati e vi invitiamo ad essere pronti a possibili eventuali azioni per difendere il nostro posto di lavoro!<\/p>\n","protected":false},"excerpt":{"rendered":"<p>Questa mattina \u00e8 stato consegnato ai vertici del MIUR il documento unitario, sottoscritto da tutte le OO.SS., con cui sono state formulate proposte circa l\u2019applicazione della spending review. Consapevoli del gravissimo momento di crisi economica, abbiamo elaborato una proposta che tende ad abbattere gli sprechi e soprattutto salvaguardare ed ottimizzare le procedure. Il testo \u00e8 [&hellip;]<\/p>\n","protected":false},"author":1,"featured_media":0,"comment_status":"closed","ping_status":"closed","sticky":false,"template":"","format":"standard","meta":{"footnotes":""},"categories":[12],"tags":[56,76],"class_list":["post-2234","post","type-post","status-publish","format-standard","hentry","category-ultime-notizie","tag-miur","tag-news"],"_links":{"self":[{"href":"https:\/\/www.snalsfrosinone.it\/index.php?rest_route=\/wp\/v2\/posts\/2234","targetHints":{"allow":["GET"]}}],"collection":[{"href":"https:\/\/www.snalsfrosinone.it\/index.php?rest_route=\/wp\/v2\/posts"}],"about":[{"href":"https:\/\/www.snalsfrosinone.it\/index.php?rest_route=\/wp\/v2\/types\/post"}],"author":[{"embeddable":true,"href":"https:\/\/www.snalsfrosinone.it\/index.php?rest_route=\/wp\/v2\/users\/1"}],"replies":[{"embeddable":true,"href":"https:\/\/www.snalsfrosinone.it\/index.php?rest_route=%2Fwp%2Fv2%2Fcomments&post=2234"}],"version-history":[{"count":1,"href":"https:\/\/www.snalsfrosinone.it\/index.php?rest_route=\/wp\/v2\/posts\/2234\/revisions"}],"predecessor-version":[{"id":2235,"href":"https:\/\/www.snalsfrosinone.it\/index.php?rest_route=\/wp\/v2\/posts\/2234\/revisions\/2235"}],"wp:attachment":[{"href":"https:\/\/www.snalsfrosinone.it\/index.php?rest_route=%2Fwp%2Fv2%2Fmedia&parent=2234"}],"wp:term":[{"taxonomy":"category","embeddable":true,"href":"https:\/\/www.snalsfrosinone.it\/index.php?rest_route=%2Fwp%2Fv2%2Fcategories&post=2234"},{"taxonomy":"post_tag","embeddable":true,"href":"https:\/\/www.snalsfrosinone.it\/index.php?rest_route=%2Fwp%2Fv2%2Ftags&post=2234"}],"curies":[{"name":"wp","href":"https:\/\/api.w.org\/{rel}","templated":true}]}}