{"id":2321,"date":"2012-07-19T14:43:12","date_gmt":"2012-07-19T12:43:12","guid":{"rendered":"http:\/\/snalsfrosinone.it\/?p=2321"},"modified":"2012-07-23T14:44:30","modified_gmt":"2012-07-23T12:44:30","slug":"art-14-dl-952012-nota-unitaria-al-miur","status":"publish","type":"post","link":"https:\/\/www.snalsfrosinone.it\/?p=2321","title":{"rendered":"Art. 14 DL 95\/2012: Nota unitaria al Miur"},"content":{"rendered":"<p style=\"text-align: justify;\">Trascriviamo la nota unitaria delle OO.SS. scaturita in seguito all\u2019incontro del 17 luglio scorso sulle tematiche afferenti l\u2019art. 14 del D.L. 95\/2012:<!--more--><\/p>\n<table style=\"width: 100%;\" border=\"0\" cellspacing=\"0\" cellpadding=\"0\">\n<tbody>\n<tr>\n<td colspan=\"5\" valign=\"top\" width=\"100%\">\n<p align=\"right\"><em>Roma, 19 luglio 2012<\/em><\/p>\n<p>&nbsp;<\/p>\n<p>&nbsp;<\/p>\n<p align=\"right\">Al Ministro dell\u2019istruzione<\/p>\n<p align=\"right\">Prof. Francesco Profumo<\/p>\n<p align=\"right\">\n<p align=\"right\">p.c.\u00a0\u00a0 Al Capo di gabinetto del Ministro<\/p>\n<p align=\"right\">Dott. Luigi Fiorentino<\/p>\n<p align=\"right\">\n<p align=\"right\">p.c.\u00a0\u00a0 Al Capo dipartimento Istruzione<\/p>\n<p align=\"right\">Dott.ssa Lucrezia Stellacci<\/p>\n<p align=\"right\">\n<p align=\"right\">p.c.\u00a0\u00a0 Al Direttore del personale scolastico<\/p>\n<p align=\"right\">Dott. Luciano Chiappetta<\/p>\n<p>&nbsp;<\/p>\n<p>&nbsp;<\/p>\n<p>Egregio Ministro,<\/p>\n<p>&nbsp;<\/p>\n<p>facendo seguito all\u2019incontro tenutosi presso il MIUR il 17 luglio scorso sull\u2019art. 14 del D.L. 95\/2012, le scriventi Organizzazioni sindacali esprimono il loro netto dissenso su un provvedimento sbagliato, iniquo, inapplicabile e illegittimo, che esula dalla revisione e dalla qualificazione della spesa pubblica introducendo invece tagli lineari che avranno risvolti negativi sulla funzionalit\u00e0 dell\u2019intero sistema dell\u2019istruzione.<\/p>\n<p>Infatti il \u201ctransito\u201d obbligato del personale inidoneo per motivi di salute e dei docenti appartenenti alle classi di concorso C555 e C999 non tiene conto n\u00e9 della volont\u00e0 dei singoli, n\u00e9 delle professionalit\u00e0 acquisite, n\u00e9 dei loro titoli professionali e delle loro condizioni di salute.<\/p>\n<p>Gravissime e inaccettabili le conseguenze sul personale precario del settore ATA che, dopo aver maturato professionalit\u00e0 e competenze, rester\u00e0 senza lavoro e senza possibilit\u00e0, di stabilizzazione n\u00e9 di ricollocazione dopo anni di servizio nelle scuole.<\/p>\n<p>Tale situazione \u00e8 oltretutto aggravata dal fatto che i posti disponibili per il \u201ctransito\u201d sono incapienti rispetto al numero dei docenti che si intende trasferire, con la conseguenza paradossale di spostare l\u2019esubero da un\u2019aerea professionale (docente) ad un\u2019altra (ATA).<\/p>\n<p>La norma \u00e8, a nostro parere, illegittima in quanto prevede una dequalificazione coatta del personale che ha titoli di studio ed esperienza professionale tali da poter essere utilizzati proficuamente prima di tutto nell\u2019ambito della didattica e successivamente in altri comparti della Pubblica Amministrazione.<\/p>\n<p>Le scriventi Organizzazioni, inoltre, sottolineano che, in caso di applicazione tout court del D.L. 95 verranno attivati ricorsi, con conseguente aggravio di spesa in relazione all\u2019esito degli stessi.<\/p>\n<p>Le scriventi Organizzazioni sindacali chiedono, pertanto, che la norma sia oggetto di radicali modifiche e che qualunque atto applicativo sia comunque successivo alla conversione in legge del DL 95\/2012, per poter tenere in debito conto di eventuali modifiche (come peraltro gi\u00e0 fatto rilevare l\u2019Ufficio studi del Senato nel parere relativo alla norma in oggetto).<\/p>\n<p>Analogamente per le scuole italiane all\u2019estero, si segnala l&#8217;urgenza di necessari emendamenti al testo che possano garantire il funzionamento delle scuole italiane all&#8217;estero, messe in seria difficolt\u00e0 dai tagli, basati esclusivamente sui rientri del personale che termina il proprio mandato, privando le nostre scuole pi\u00f9 prestigiose nel mondo degli insegnamenti pi\u00f9 importanti.<\/p>\n<p>Le scriventi organizzazioni sindacali inoltre chiedono con urgenza che vengano attivate tutte le garanzie e le relazioni sindacali previste dalle norme vigenti, incluso quanto stabilito nell\u2019Intesa sul lavoro pubblico dell\u201911 maggio 2012 e nel medesimo DL 95\/2012 in tema di esame congiunto.<\/p>\n<p>&nbsp;<\/p>\n<p>Distinti saluti<\/p>\n<p align=\"center\">\n<\/td>\n<\/tr>\n<tr>\n<td valign=\"top\" width=\"20%\">\n<p align=\"center\">FLC CGIL<\/p>\n<p align=\"center\"><em>Domenico<\/em><\/p>\n<p align=\"center\"><em>Pantaleo<\/em><\/p>\n<\/td>\n<td valign=\"top\" width=\"20%\">\n<p align=\"center\">CISL SCUOLA<\/p>\n<p align=\"center\"><em>Francesco<\/em><\/p>\n<p align=\"center\"><em>Scrima<\/em><\/p>\n<\/td>\n<td valign=\"top\" width=\"20%\">\n<p align=\"center\">UIL SCUOLA<\/p>\n<p align=\"center\"><em>Massimo<\/em><\/p>\n<p align=\"center\"><em>Di Menna<\/em><\/p>\n<\/td>\n<td valign=\"top\" width=\"20%\">\n<p align=\"center\">SNALS CONFSAL<\/p>\n<p align=\"center\"><em>Marco Paolo<\/em><\/p>\n<p align=\"center\"><em>Nigi<\/em><\/p>\n<\/td>\n<td width=\"20%\">\n<p align=\"center\">GILDA UNAMS<\/p>\n<p align=\"center\"><em>Rino<\/em><\/p>\n<p align=\"center\"><em>Di Meglio<\/em><\/p>\n<\/td>\n<\/tr>\n<\/tbody>\n<\/table>\n","protected":false},"excerpt":{"rendered":"<p>Trascriviamo la nota unitaria delle OO.SS. scaturita in seguito all\u2019incontro del 17 luglio scorso sulle tematiche afferenti l\u2019art. 14 del D.L. 95\/2012:<\/p>\n","protected":false},"author":1,"featured_media":0,"comment_status":"closed","ping_status":"closed","sticky":false,"template":"","format":"standard","meta":{"footnotes":""},"categories":[34],"tags":[68,56,70],"class_list":["post-2321","post","type-post","status-publish","format-standard","hentry","category-economia-finanza-lavoro","tag-comunicati-2","tag-miur","tag-organizzazioni-sindacali"],"_links":{"self":[{"href":"https:\/\/www.snalsfrosinone.it\/index.php?rest_route=\/wp\/v2\/posts\/2321","targetHints":{"allow":["GET"]}}],"collection":[{"href":"https:\/\/www.snalsfrosinone.it\/index.php?rest_route=\/wp\/v2\/posts"}],"about":[{"href":"https:\/\/www.snalsfrosinone.it\/index.php?rest_route=\/wp\/v2\/types\/post"}],"author":[{"embeddable":true,"href":"https:\/\/www.snalsfrosinone.it\/index.php?rest_route=\/wp\/v2\/users\/1"}],"replies":[{"embeddable":true,"href":"https:\/\/www.snalsfrosinone.it\/index.php?rest_route=%2Fwp%2Fv2%2Fcomments&post=2321"}],"version-history":[{"count":1,"href":"https:\/\/www.snalsfrosinone.it\/index.php?rest_route=\/wp\/v2\/posts\/2321\/revisions"}],"predecessor-version":[{"id":2322,"href":"https:\/\/www.snalsfrosinone.it\/index.php?rest_route=\/wp\/v2\/posts\/2321\/revisions\/2322"}],"wp:attachment":[{"href":"https:\/\/www.snalsfrosinone.it\/index.php?rest_route=%2Fwp%2Fv2%2Fmedia&parent=2321"}],"wp:term":[{"taxonomy":"category","embeddable":true,"href":"https:\/\/www.snalsfrosinone.it\/index.php?rest_route=%2Fwp%2Fv2%2Fcategories&post=2321"},{"taxonomy":"post_tag","embeddable":true,"href":"https:\/\/www.snalsfrosinone.it\/index.php?rest_route=%2Fwp%2Fv2%2Ftags&post=2321"}],"curies":[{"name":"wp","href":"https:\/\/api.w.org\/{rel}","templated":true}]}}