{"id":2352,"date":"2012-07-26T22:11:46","date_gmt":"2012-07-26T20:11:46","guid":{"rendered":"http:\/\/snalsfrosinone.it\/?p=2352"},"modified":"2012-08-24T22:13:15","modified_gmt":"2012-08-24T20:13:15","slug":"recupero-anzianita-e-conseguente-riconoscimento-degli-scatti","status":"publish","type":"post","link":"https:\/\/www.snalsfrosinone.it\/?p=2352","title":{"rendered":"Recupero anzianit\u00e0 e conseguente riconoscimento degli scatti"},"content":{"rendered":"<p style=\"text-align: justify;\">Come ben noto lo SNALS-CONFSAL ha, con altri sindacati, intrapreso gi\u00e0 dall\u2019anno scorso l\u2019azione tesa al recupero delle anzianit\u00e0 che ha gi\u00e0 portato al riconoscimento ai fini della progressione economica dell\u2019anno 2010.<\/p>\n<p style=\"text-align: justify;\">Il riconoscimento per l\u2019anno successivo \u00e8 stato complicato dalla mancata copertura dell\u2019onere economico derivante dal riconoscimento dovuta a \u201crisparmi di spesa\u201d inferiori alle previsioni per i motivi ben noti ed ampiamente illustrati precedentemente.<\/p>\n<p style=\"text-align: justify;\">Come anticipatovi da tempo, in particolare dopo l\u2019ultimo incontro con il Ministro Profumo, deve svolgersi una contrattazione all\u2019ARAN per reperire, all\u2019interno delle risorse contrattuali, la copertura della parte economica mancante. Perch\u00e9 ci\u00f2 avvenga \u00e8 necessario che il Governo invii all\u2019ARAN uno specifico \u201catto di indirizzo\u201d che deve avere il consenso di tre ministeri: MIUR \u2013 Funzione Pubblica e MEF.<\/p>\n<p style=\"text-align: justify;\">I primi due passaggi ci risultano completati, anche a seguito della pressione del nostro sindacato, manca solo l\u2019ultimo assenso da parte del MEF e, al riguardo, stiamo attivando tutti i canali di pressione perch\u00e9 avvenga in tempi i pi\u00f9 brevi possibili.<\/p>\n<p style=\"text-align: justify;\">E\u2019 ipotizzabile, comunque, che l\u2019atto conclusivo all\u2019ARAN possa avvenire entro la fine del mese di agosto.<\/p>\n","protected":false},"excerpt":{"rendered":"<p>Come ben noto lo SNALS-CONFSAL ha, con altri sindacati, intrapreso gi\u00e0 dall\u2019anno scorso l\u2019azione tesa al recupero delle anzianit\u00e0 che ha gi\u00e0 portato al riconoscimento ai fini della progressione economica dell\u2019anno 2010. Il riconoscimento per l\u2019anno successivo \u00e8 stato complicato dalla mancata copertura dell\u2019onere economico derivante dal riconoscimento dovuta a \u201crisparmi di spesa\u201d inferiori alle [&hellip;]<\/p>\n","protected":false},"author":1,"featured_media":0,"comment_status":"closed","ping_status":"closed","sticky":false,"template":"","format":"standard","meta":{"footnotes":""},"categories":[23],"tags":[68,70],"class_list":["post-2352","post","type-post","status-publish","format-standard","hentry","category-comunicati","tag-comunicati-2","tag-organizzazioni-sindacali"],"_links":{"self":[{"href":"https:\/\/www.snalsfrosinone.it\/index.php?rest_route=\/wp\/v2\/posts\/2352","targetHints":{"allow":["GET"]}}],"collection":[{"href":"https:\/\/www.snalsfrosinone.it\/index.php?rest_route=\/wp\/v2\/posts"}],"about":[{"href":"https:\/\/www.snalsfrosinone.it\/index.php?rest_route=\/wp\/v2\/types\/post"}],"author":[{"embeddable":true,"href":"https:\/\/www.snalsfrosinone.it\/index.php?rest_route=\/wp\/v2\/users\/1"}],"replies":[{"embeddable":true,"href":"https:\/\/www.snalsfrosinone.it\/index.php?rest_route=%2Fwp%2Fv2%2Fcomments&post=2352"}],"version-history":[{"count":1,"href":"https:\/\/www.snalsfrosinone.it\/index.php?rest_route=\/wp\/v2\/posts\/2352\/revisions"}],"predecessor-version":[{"id":2353,"href":"https:\/\/www.snalsfrosinone.it\/index.php?rest_route=\/wp\/v2\/posts\/2352\/revisions\/2353"}],"wp:attachment":[{"href":"https:\/\/www.snalsfrosinone.it\/index.php?rest_route=%2Fwp%2Fv2%2Fmedia&parent=2352"}],"wp:term":[{"taxonomy":"category","embeddable":true,"href":"https:\/\/www.snalsfrosinone.it\/index.php?rest_route=%2Fwp%2Fv2%2Fcategories&post=2352"},{"taxonomy":"post_tag","embeddable":true,"href":"https:\/\/www.snalsfrosinone.it\/index.php?rest_route=%2Fwp%2Fv2%2Ftags&post=2352"}],"curies":[{"name":"wp","href":"https:\/\/api.w.org\/{rel}","templated":true}]}}