{"id":2363,"date":"2012-07-31T22:26:10","date_gmt":"2012-07-31T20:26:10","guid":{"rendered":"http:\/\/snalsfrosinone.it\/?p=2363"},"modified":"2012-08-24T22:32:09","modified_gmt":"2012-08-24T20:32:09","slug":"afam-personale-amministrativo-e-tecnico-mobilita-a-a-201213-e-assunzioni-a-tempo-determinato","status":"publish","type":"post","link":"https:\/\/www.snalsfrosinone.it\/?p=2363","title":{"rendered":"AFAM &#8211; Personale amministrativo e tecnico &#8211; Mobilit\u00e0 a.a. 2012\/13 e assunzioni a tempo determinato"},"content":{"rendered":"<p style=\"text-align: justify;\">Il Miur \u2013 Direzione Generale per l\u2019Alta Formazione Artistica, Musicale e Coreutica &#8211; in data 27 luglio u.s. ha emanato la <strong>nota prot. n. 5259<\/strong>che pubblichiamo<!--more--><\/p>\n<p align=\"center\">Ministero dell&#8217;Istruzione, dell&#8217;Universit\u00e0 e della Ricerca<\/p>\n<p align=\"center\">DIREZIONE GENERALE PER L&#8217;AL&#8217;rA FORMAZIONE ARTISTICA, MUSICALE E COREUTICA<\/p>\n<p align=\"center\">Ufficio III &#8211; Statuti e personale docente e non docente<\/p>\n<p>&nbsp;<\/p>\n<p align=\"right\">Roma, 27 LUG. 2012<\/p>\n<p>PROT. N. 5259<\/p>\n<p>&nbsp;<\/p>\n<p>Destinatari<\/p>\n<p>&nbsp;<\/p>\n<p>&nbsp;<\/p>\n<p>&nbsp;<\/p>\n<p>OGGETTO: personale amministrativo e tecnico &#8212; mobilit\u00e0 a.a. 2012\/13 e assunzioni a tempo determinato &#8211; comunicazioni.<\/p>\n<p>&nbsp;<\/p>\n<p>&nbsp;<\/p>\n<p style=\"text-align: justify;\">In relazione alla mobilit\u00e0 del personale delle istituzioni AFAM per l&#8217;a.a. 2012\/13, di prossima emanazione, si comunica che il Ministero, come di consueto, deve rendere noti agli aspiranti i posti vacanti all&#8217;atto della pubblicazione dei punteggi definitivi e, comunque, prima dell&#8217;inizio dei movimenti.<\/p>\n<p style=\"text-align: justify;\">A tal fine, entro e non oltre il: 18 settembre p.v., dovranno essere comunicati all&#8217;indirizzo e-mail annamaria.germana@miur.it i posti da destinare alle procedure di mobilit\u00e0 e quelli eventualmente resi indisponibili con proprie e motivate valutazioni in quanto destinati alla riorganizzazione delle dotazioni organiche e dei relativi profili professionali o alla conferma di personale precario avente titolo.<\/p>\n<p style=\"text-align: justify;\">In relazione alla copertura dei posti vacanti e\/o disponibili successivamente alle operazioni di mobilit\u00e0 alcune istituzioni hanno formulato quesiti intesi a conoscere l&#8217;orientamento ministeriale in merito alla costituzione di graduatorie per titoli, periodicamente aggiornabili, da utilizzare per le assunzioni a tempo determinato fino alla emanazione del regolamento sul reclutamento previsto dall&#8217;art. 2, c. 7, lett. e) della legge n. 508\/1999. In tali graduatorie sarebbe incluso il personale in servizio a tempo determinato nell&#8217;istituzione, con almeno 24 mesi di servizio nel comparto afam, nella qualifica di riferimento della graduatoria, tenuto conto che si tratta di unit\u00e0 che hanno gi\u00e0 superato procedure concorsuali pubbliche per esami e titoli o, caso dei coadiutori, prove idoneative, attesa la provenienza di questi ultimi dalle graduatorie dei centri provinciali per l\u2019impiego; le graduatorie cosi costituite verrebbero aggiornate annualmente con l&#8217;inserimento di coloro che matureranno il requisito dei 24 mesi di servizio al termine degli anni accademici successivi. Per le ulteriori necessit\u00e0 di pcrsona1e che dovessero eventualmente presentarsi successivamente alla sottoscrizione dei contratti a tempo determinato con il personale incluso nelle predette graduatorie, nel caso di esaurimento delle stesse, si procederebbe, come di consueto, con nuove procedure selettive pubbliche o mediante ricorso a graduatorie vigenti proprie o di istituzioni limitrofe.<\/p>\n<p style=\"text-align: justify;\">Al riguardo, non pu\u00f2 non rilevarsi che l&#8217;assenza di una disciplina organica della materia e il considerevole periodo di tempo trascorso dalle ultime assunzioni in ruolo hanno determinato un incremento del personale precario e delle relative graduatorie che necessiterebbe di un intervento di razionalizzazione comune a tutte le istituzioni inteso a tutelare le legittime aspettative del personale precario alla prosecuzione del rapporto di lavoro, ancorch\u00e9 a tempo determinato, e le esigenze di funzionalit\u00e0 delle istituzioni al mantenimento di professionalit\u00e0 gi\u00e0 esperte; ci\u00f2 nonostante, in attesa del regolamento sul reclutamento del personale del comparto, lo scrivente non pu\u00f2 che limitarsi ad esprimere un parere di massima tenendo conto della normativa vigente.<\/p>\n<p style=\"text-align: justify;\">In proposito l&#8217;art. 1-quater del D.L. n. 250\/2005 ha stabilito che &#8220;Per le modalit\u00e0 di reclutamento, in attesa dell\u2019entrata in vigore del regolamento governativo di cui all&#8217;articolo 2, comma 7, lettera e), della legge 21 dicembre 1999, n. 508, si applicano le disposizioni del testo unico di cui al decreto legislativo 16 aprile 1994, n. 297&#8221;.<\/p>\n<p style=\"text-align: justify;\">Alla luce di tale disposizione la prospettata ipotesi dr costituire le graduatorie per titoli, periodicamente aggiornabili, destinate alle assunzioni a tempo determinato, se limitata ai profili professionali di Assistente e Coadiutore, non appare in contrasto con la richiamata normativa, atteso che le unit\u00e0 di personale coinvolte sarebbero quelle che, avendo prestato pi\u00f9 di 24 mesi di servizio, sono per di pi\u00f9 in possesso del requisito previsto dall\u2019art. 554 del T.U. 297\/94 per l&#8217;assunzione a tempo indeterminato alla conclusione della procedura autorizzatoria ex art. 39 c. 3ter della legge 27.12.1997, n. 449, attualmente in itinere.<\/p>\n<p style=\"text-align: justify;\">Pertanto, ogni decisione in merito a quanto sopra esposto \u00e8 rimessa alle autonome valutazioni di codeste istituzioni in relazione alla necessit\u00e0 di assicurare il funzionamento dell&#8217;istituzione; per assicurare omogeneit\u00e0 di comportamento si ritiene di suggerire l&#8217;adozione delle tabelle di valutazione dei titoli utilizzate in occasione delle assunzioni effettuate ai sensi dell&#8217;art. 1-quater del D.L. n. 250\/2005, che ad ogni buon fine, si allegano.<\/p>\n<p style=\"text-align: justify;\">Per quanto attiene ai restanti profili professionali, stante l&#8217;unicit\u00e0 della figura del Direttore di ragioneria e considerato che il Collaboratore \u00e8 un profilo di nuova istituzione che non trova corrispondenza nella disciplina sopra richiamata, si ritiene di dover affrontare la questione anche attraverso il confronto con le organizzazioni sindacali al fine di individuare soluzioni idonee a garantire la pi\u00f9 ampia partecipazione degli interessati.<\/p>\n<p style=\"text-align: justify;\">Al fine di consentire allo scrivente di acquisire un quadro conoscitivo complessivo in relazione alle determinazioni assunte sugli argomenti oggetto della presente nota, si prega di inviare, all&#8217;indirizzo e-mail gi\u00e0 citato, le deliberazioni del Consiglio di Amministrazione.<\/p>\n<p>&nbsp;<\/p>\n<p>&nbsp;<\/p>\n<p align=\"center\">IL DIRETTORE GENERALE<\/p>\n<p align=\"center\">Dott. Giorgio Bruno Civello<\/p>\n<p>&nbsp;<\/p>\n<p>&nbsp;<\/p>\n<p>&nbsp;<\/p>\n<h4>ALLEGATO A<\/h4>\n<p>&nbsp;<\/p>\n<p align=\"center\"><strong>TABELLA PER LA VALUTAZION&#8217;E DEI TITOLI PER IL PROFILO:<\/strong><\/p>\n<p align=\"center\"><strong>AREA II .. ASSISTENTE<\/strong><\/p>\n<p><strong>\u00a0<\/strong><\/p>\n<h5>A) TITOLI DI STUDIO E PROFESSIONALI<\/h5>\n<p>\u00a7\u00a0\u00a0\u00a0\u00a0\u00a0\u00a0\u00a0\u00a0\u00a0\u00a0\u00a0 Diploma di laurea di primo livello o titoli equipollenti (1)(2): PUNTI 1<\/p>\n<p>\u00a7\u00a0\u00a0\u00a0\u00a0\u00a0\u00a0\u00a0\u00a0\u00a0\u00a0\u00a0 Diploma di laurea o laurea specialistica di secondo livello (1 )(2): PUNTI 1,5<\/p>\n<p>\u00a7\u00a0\u00a0\u00a0\u00a0\u00a0\u00a0\u00a0\u00a0\u00a0\u00a0\u00a0 Inclusione in graduatorie di concorsi di qualifica superiore nelle Istituzioni di Alta formazione Artistica e Musicale: PUNTl 1<\/p>\n<p>&nbsp;<\/p>\n<p>&nbsp;<\/p>\n<h5>B) TITOLI DI SERVIZIO<\/h5>\n<p>\u00a7\u00a0\u00a0\u00a0\u00a0\u00a0\u00a0\u00a0\u00a0\u00a0\u00a0\u00a0 Servizio effettivo a tempo determinato prestato in qualit\u00e0 di Assistente amministrativo o in qualifiche superiori nelle Istituzioni di Alta Formazione Artistica e Musicale statali: PUNTI 0,5 per ogni mese di servizio o frazione superiore a 15 giorni.<\/p>\n<p>\u00a7\u00a0\u00a0\u00a0\u00a0\u00a0\u00a0\u00a0\u00a0\u00a0\u00a0\u00a0 Altro servizio effettivo prestato alle dipendenze di una Pubblica Amministrazione: PUNTI 0,05 per ogni mese di servizio o trazione superiore a 15 giorni.<\/p>\n<p>&nbsp;<\/p>\n<p>&nbsp;<\/p>\n<p>NOTE<\/p>\n<p>&nbsp;<\/p>\n<p>(1) Sono valutabili anche i titoli equipollenti conseguiti all&#8217;estero.<\/p>\n<p>(2) Si valuta un solo titolo, il pi\u00f9 favorevole tra laurea d\u00ec primo livello, diploma di laurea e laurea specialistica di secondo livello.<\/p>\n<p>&nbsp;<\/p>\n<p>&nbsp;<\/p>\n<p>&nbsp;<\/p>\n<h4>ALLEGATO B<\/h4>\n<p align=\"center\"><strong>TABELLA PER LA VALUTAZIONE DEI TITOLI PER IL PROFILO:<\/strong><\/p>\n<p align=\"center\"><strong>AREA I \u2013 COADIUTORE<\/strong><\/p>\n<p>&nbsp;<\/p>\n<h5>A) TITOLI DI STUDIO E PROFESSIONALI<\/h5>\n<p>\u00a7\u00a0\u00a0\u00a0\u00a0\u00a0\u00a0\u00a0\u00a0\u00a0\u00a0\u00a0 Diploma di qualifica, o diploma di istruzione secondaria di secondo grado., o artistica (si valuta un solo titolo) (1): PUNTI 1<\/p>\n<p>\u00a7\u00a0\u00a0\u00a0\u00a0\u00a0\u00a0\u00a0\u00a0\u00a0\u00a0\u00a0 Diploma di laurea di primo livello o titoli equipollenti (1)(2): PUNTI 1<\/p>\n<p>\u00a7\u00a0\u00a0\u00a0\u00a0\u00a0\u00a0\u00a0\u00a0\u00a0\u00a0\u00a0 Diploma di laurea o laurea specialistica di secondo livello (1)(2): PUNTI 1,5<\/p>\n<p>\u00a7\u00a0\u00a0\u00a0\u00a0\u00a0\u00a0\u00a0\u00a0\u00a0\u00a0\u00a0 Inclusione in graduatorie di concorsi di qualifica superiore nelle Istituzioni di Alta Formazione Artistica e Musicale: PUNTI 1<\/p>\n<p>&nbsp;<\/p>\n<p>&nbsp;<\/p>\n<h5>B) TITOLI DI SERVIZIO<\/h5>\n<p>\u00a7\u00a0\u00a0\u00a0\u00a0\u00a0\u00a0\u00a0\u00a0\u00a0\u00a0\u00a0 Servizio effettivo a tempo determinato prestato in qualit\u00e0 di coadiutore (ex Collaboratore scolastico) o in qualifiche superiori, nelle Istituzioni di Alta Formazione Artistica e Musicale statali: PUNTI 0,5 per ogni mese di servizio o frazione superiore a 15 giorni.<\/p>\n<p>\u00a7\u00a0\u00a0\u00a0\u00a0\u00a0\u00a0\u00a0\u00a0\u00a0\u00a0\u00a0 Altro servizio effettivo prestato alle dipendenze di una Pubblica Amministrazione: PUNTI 0,05 per ogni mese di servizio o frazione superiore a 15 giorni.<\/p>\n<p>&nbsp;<\/p>\n<p>&nbsp;<\/p>\n<p>&nbsp;<\/p>\n<p>NOTE<\/p>\n<p>&nbsp;<\/p>\n<p>(1) Sono valutabili anche i titoli equipollenti conseguiti all\u2019estero.<\/p>\n<p>(2) Si valuta un solo titolo, il pi\u00f9 favorevole tra laurea di primo livello, diploma di laurea e laurea specialistica di secondo livello<\/p>\n<p>&nbsp;<\/p>\n<p>&nbsp;<\/p>\n<p>&nbsp;<\/p>\n<p>Destinatari<\/p>\n<p>&nbsp;<\/p>\n<p>&nbsp;<\/p>\n<p>Ai Presidenti e ai Direttori<\/p>\n<p>delle Accademie di Belle Arti,<\/p>\n<p>dei Conservatori di Musica,<\/p>\n<p>dell&#8217; Accademia Nazionale di Danza,<\/p>\n<p>dell&#8217; Accademia Nazionale di Arte<\/p>\n<p>Drammatica; degli ISIA<\/p>\n<p>LORO SEDI<\/p>\n<p>ep.c.<\/p>\n<p>&nbsp;<\/p>\n<p>Alle Organizzazioni Sindacali:<\/p>\n<p>Flc Cgil,<\/p>\n<p>Cis1 Universit\u00e0,<\/p>\n<p>Confsal Snals,<\/p>\n<p>Uil Rua,<\/p>\n<p>Unione Artisti Unams<\/p>\n<p>LORO SEDI<\/p>\n<p style=\"text-align: justify;\">\u00a0 .<\/p>\n","protected":false},"excerpt":{"rendered":"<p>Il Miur \u2013 Direzione Generale per l\u2019Alta Formazione Artistica, Musicale e Coreutica &#8211; in data 27 luglio u.s. ha emanato la nota prot. n. 5259che pubblichiamo<\/p>\n","protected":false},"author":1,"featured_media":0,"comment_status":"closed","ping_status":"closed","sticky":false,"template":"","format":"standard","meta":{"footnotes":""},"categories":[78],"tags":[79,68,56],"class_list":["post-2363","post","type-post","status-publish","format-standard","hentry","category-a-f-a-m","tag-afam","tag-comunicati-2","tag-miur"],"_links":{"self":[{"href":"https:\/\/www.snalsfrosinone.it\/index.php?rest_route=\/wp\/v2\/posts\/2363","targetHints":{"allow":["GET"]}}],"collection":[{"href":"https:\/\/www.snalsfrosinone.it\/index.php?rest_route=\/wp\/v2\/posts"}],"about":[{"href":"https:\/\/www.snalsfrosinone.it\/index.php?rest_route=\/wp\/v2\/types\/post"}],"author":[{"embeddable":true,"href":"https:\/\/www.snalsfrosinone.it\/index.php?rest_route=\/wp\/v2\/users\/1"}],"replies":[{"embeddable":true,"href":"https:\/\/www.snalsfrosinone.it\/index.php?rest_route=%2Fwp%2Fv2%2Fcomments&post=2363"}],"version-history":[{"count":3,"href":"https:\/\/www.snalsfrosinone.it\/index.php?rest_route=\/wp\/v2\/posts\/2363\/revisions"}],"predecessor-version":[{"id":2365,"href":"https:\/\/www.snalsfrosinone.it\/index.php?rest_route=\/wp\/v2\/posts\/2363\/revisions\/2365"}],"wp:attachment":[{"href":"https:\/\/www.snalsfrosinone.it\/index.php?rest_route=%2Fwp%2Fv2%2Fmedia&parent=2363"}],"wp:term":[{"taxonomy":"category","embeddable":true,"href":"https:\/\/www.snalsfrosinone.it\/index.php?rest_route=%2Fwp%2Fv2%2Fcategories&post=2363"},{"taxonomy":"post_tag","embeddable":true,"href":"https:\/\/www.snalsfrosinone.it\/index.php?rest_route=%2Fwp%2Fv2%2Ftags&post=2363"}],"curies":[{"name":"wp","href":"https:\/\/api.w.org\/{rel}","templated":true}]}}