{"id":2475,"date":"2012-09-10T15:52:10","date_gmt":"2012-09-10T13:52:10","guid":{"rendered":"http:\/\/snalsfrosinone.it\/?p=2475"},"modified":"2012-09-16T15:53:52","modified_gmt":"2012-09-16T13:53:52","slug":"afam-assunzioni-a-t-i-profili-professionali-di-assistente-e-coadiutore","status":"publish","type":"post","link":"https:\/\/www.snalsfrosinone.it\/?p=2475","title":{"rendered":"AFAM: assunzioni a t.i. profili professionali di assistente e coadiutore"},"content":{"rendered":"<div style=\"text-align: justify;\">\n<p>Il MIUR &#8211; Direzione Generale per l&#8217;Alta Formazione Artistica, Musicale e Coreutica &#8211; con la <strong>nota Prot. n. 5853\/MGM del 10\/09\/2012<\/strong>, ha comunicato che la richiesta di autorizzazione ad assumere a tempo indeterminato unit\u00e0 di personale dei profili professionali tecnici-amministrativi delle istituzioni AFAM, \u00e8 stata accolta con D.P.R. 30 agosto 2012, limitatamente a 149 assistenti, 131 coadiutori e alla mobilit\u00e0 intercompartimentale di 3 funzionari di altre Pubbliche Amministrazioni su posti vacanti di Direttore amministrativo.<\/p>\n<p>&nbsp;<\/p>\n<\/div>\n","protected":false},"excerpt":{"rendered":"<p>Il MIUR &#8211; Direzione Generale per l&#8217;Alta Formazione Artistica, Musicale e Coreutica &#8211; con la nota Prot. n. 5853\/MGM del 10\/09\/2012, ha comunicato che la richiesta di autorizzazione ad assumere a tempo indeterminato unit\u00e0 di personale dei profili professionali tecnici-amministrativi delle istituzioni AFAM, \u00e8 stata accolta con D.P.R. 30 agosto 2012, limitatamente a 149 assistenti, [&hellip;]<\/p>\n","protected":false},"author":1,"featured_media":0,"comment_status":"closed","ping_status":"closed","sticky":false,"template":"","format":"standard","meta":{"footnotes":""},"categories":[78],"tags":[79,68],"class_list":["post-2475","post","type-post","status-publish","format-standard","hentry","category-a-f-a-m","tag-afam","tag-comunicati-2"],"_links":{"self":[{"href":"https:\/\/www.snalsfrosinone.it\/index.php?rest_route=\/wp\/v2\/posts\/2475","targetHints":{"allow":["GET"]}}],"collection":[{"href":"https:\/\/www.snalsfrosinone.it\/index.php?rest_route=\/wp\/v2\/posts"}],"about":[{"href":"https:\/\/www.snalsfrosinone.it\/index.php?rest_route=\/wp\/v2\/types\/post"}],"author":[{"embeddable":true,"href":"https:\/\/www.snalsfrosinone.it\/index.php?rest_route=\/wp\/v2\/users\/1"}],"replies":[{"embeddable":true,"href":"https:\/\/www.snalsfrosinone.it\/index.php?rest_route=%2Fwp%2Fv2%2Fcomments&post=2475"}],"version-history":[{"count":1,"href":"https:\/\/www.snalsfrosinone.it\/index.php?rest_route=\/wp\/v2\/posts\/2475\/revisions"}],"predecessor-version":[{"id":2476,"href":"https:\/\/www.snalsfrosinone.it\/index.php?rest_route=\/wp\/v2\/posts\/2475\/revisions\/2476"}],"wp:attachment":[{"href":"https:\/\/www.snalsfrosinone.it\/index.php?rest_route=%2Fwp%2Fv2%2Fmedia&parent=2475"}],"wp:term":[{"taxonomy":"category","embeddable":true,"href":"https:\/\/www.snalsfrosinone.it\/index.php?rest_route=%2Fwp%2Fv2%2Fcategories&post=2475"},{"taxonomy":"post_tag","embeddable":true,"href":"https:\/\/www.snalsfrosinone.it\/index.php?rest_route=%2Fwp%2Fv2%2Ftags&post=2475"}],"curies":[{"name":"wp","href":"https:\/\/api.w.org\/{rel}","templated":true}]}}