{"id":2654,"date":"2013-01-16T22:37:24","date_gmt":"2013-01-16T21:37:24","guid":{"rendered":"http:\/\/snalsfrosinone.it\/?p=2654"},"modified":"2013-01-21T22:38:58","modified_gmt":"2013-01-21T21:38:58","slug":"congedo-straordinario-retribuito-ex-art-42-commi-5-e-ss-del-d-lgs-n-151-del-2001","status":"publish","type":"post","link":"https:\/\/www.snalsfrosinone.it\/?p=2654","title":{"rendered":"Congedo straordinario retribuito ex art. 42, commi 5 e ss, del d.lgs. n. 151 del 2001"},"content":{"rendered":"<p style=\"text-align: justify;\">Il Dipartimento della Funzione Pubblica, con la nota prot. 2285 del 15\/1 u.s., ha dato risposta alla lettera del 13 dicembre 2012, prot. n. 9555, con la quale il Miur\u00a0 ha chiesto il parere dello stesso in merito all&#8217;istituto del congedo straordinario di cui all&#8217;art. 42, commi 5 e ss., del d.lgs. n. 151 del 2001, con particolare riferimento agli effetti che l&#8217;assenza produce sulla maturazione dell&#8217;anzianit\u00e0 di servizio ai fini della progressione economica e della pensione.<\/p>\n<p style=\"text-align: justify;\">Alla luce del disposto dell\u2019art. 42, del d. lgs. n. 151\/2001, cos\u00ec come modificato dalla lett. b), comma 1, del d.lgs. m. 119\/2011 e di quanto riportato nella propria circolare n. 1\/2012, al riguardo il suddetto Dipartimento ha rappresentato che nell&#8217;esaminare l&#8217;istituto occorre distinguere la valenza dell&#8217;anzianit\u00e0 maturata nel corso della fruizione del congedo e, cio\u00e8, l&#8217;effetto che si produce rispetto al trattamento pensionistico e quello che riguarda invece il conseguimento del requisito per la progressione a fini economici e, quindi, i periodi di congedo <b>sono validi ai fini pensionistici, ma non ai fini della progressione economica<\/b>. Questa conclusione \u00e8 confermata dalla considerazione che, di regola, i periodi rilevanti ai fini delle progressioni economiche presuppongono un&#8217;attivit\u00e0 lavorativa effettivamente svolta, che porta ad un arricchimento della professionalit\u00e0 e ad un miglioramento delle capacit\u00e0 lavorative del dipendente, situazione che non ricorre nel momento in cui il dipendente si assenta dal servizio e non svolge la propria attivit\u00e0 lavorativa.<\/p>\n","protected":false},"excerpt":{"rendered":"<p>Il Dipartimento della Funzione Pubblica, con la nota prot. 2285 del 15\/1 u.s., ha dato risposta alla lettera del 13 dicembre 2012, prot. n. 9555, con la quale il Miur\u00a0 ha chiesto il parere dello stesso in merito all&#8217;istituto del congedo straordinario di cui all&#8217;art. 42, commi 5 e ss., del d.lgs. n. 151 del [&hellip;]<\/p>\n","protected":false},"author":1,"featured_media":0,"comment_status":"closed","ping_status":"closed","sticky":false,"template":"","format":"standard","meta":{"footnotes":""},"categories":[35],"tags":[66,53],"class_list":["post-2654","post","type-post","status-publish","format-standard","hentry","category-pensioni-cessazioni","tag-legge","tag-pensionamenti"],"_links":{"self":[{"href":"https:\/\/www.snalsfrosinone.it\/index.php?rest_route=\/wp\/v2\/posts\/2654","targetHints":{"allow":["GET"]}}],"collection":[{"href":"https:\/\/www.snalsfrosinone.it\/index.php?rest_route=\/wp\/v2\/posts"}],"about":[{"href":"https:\/\/www.snalsfrosinone.it\/index.php?rest_route=\/wp\/v2\/types\/post"}],"author":[{"embeddable":true,"href":"https:\/\/www.snalsfrosinone.it\/index.php?rest_route=\/wp\/v2\/users\/1"}],"replies":[{"embeddable":true,"href":"https:\/\/www.snalsfrosinone.it\/index.php?rest_route=%2Fwp%2Fv2%2Fcomments&post=2654"}],"version-history":[{"count":1,"href":"https:\/\/www.snalsfrosinone.it\/index.php?rest_route=\/wp\/v2\/posts\/2654\/revisions"}],"predecessor-version":[{"id":2655,"href":"https:\/\/www.snalsfrosinone.it\/index.php?rest_route=\/wp\/v2\/posts\/2654\/revisions\/2655"}],"wp:attachment":[{"href":"https:\/\/www.snalsfrosinone.it\/index.php?rest_route=%2Fwp%2Fv2%2Fmedia&parent=2654"}],"wp:term":[{"taxonomy":"category","embeddable":true,"href":"https:\/\/www.snalsfrosinone.it\/index.php?rest_route=%2Fwp%2Fv2%2Fcategories&post=2654"},{"taxonomy":"post_tag","embeddable":true,"href":"https:\/\/www.snalsfrosinone.it\/index.php?rest_route=%2Fwp%2Fv2%2Ftags&post=2654"}],"curies":[{"name":"wp","href":"https:\/\/api.w.org\/{rel}","templated":true}]}}