{"id":2754,"date":"2013-03-15T22:48:57","date_gmt":"2013-03-15T21:48:57","guid":{"rendered":"http:\/\/snalsfrosinone.it\/?p=2754"},"modified":"2013-03-24T22:52:29","modified_gmt":"2013-03-24T21:52:29","slug":"indennita-di-disoccupazione-aspi-e-mini-aspi-modifiche-ed-integrazioni-introdotte-dalla-legge-n-22812-legge-di-stabilita-2013","status":"publish","type":"post","link":"https:\/\/www.snalsfrosinone.it\/?p=2754","title":{"rendered":"Indennit\u00e0 di disoccupazione ASPI e MINI-ASPI &#8211; Modifiche ed integrazioni introdotte dalla legge n. 228\/12 (legge di stabilit\u00e0 2013)"},"content":{"rendered":"<p>Come \u00e8 noto l\u2019art. 1, comma 250, della legge 24 dicembre 2012, n. 228 (legge di stabilit\u00e0 2013), ha apportato, tra l\u2019altro, modifiche e integrazioni all\u2019articolo 2, della legge 28 giugno 2012, n. 92 di riforma del mercato del lavoro relativamente alle indennit\u00e0 di disoccupazione ASpI e mini-ASpI.<\/p>\n<p>L\u2019Inps, con la <b>circolare n. 37 del 14\/3<\/b> u.s., fa seguito alla propria precedente circolare n. 142 del 18\/12\/2012, fornendo precisazioni e integrazioni che, sinteticamente, riportiamo.<\/p>\n<p>&nbsp;<\/p>\n<h4>Durata della prestazione indennit\u00e0 di disoccupazione ASpI<\/h4>\n<p>Per i lavoratori di et\u00e0 inferiore ai cinquantacinque anni, l&#8217;indennit\u00e0 viene corrisposta per un periodo massimo di dodici mesi, detratti i periodi di indennit\u00e0 gi\u00e0 eventualmente fruiti sia a titolo di indennit\u00e0 di disoccupazione ASpI che mini-ASpI negli ultimi dodici mesi\u00a0 precedenti la data di cessazione del rapporto di lavoro.<\/p>\n<p>Per i lavoratori di et\u00e0 pari o superiore ai cinquantacinque anni, l&#8217;indennit\u00e0 \u00e8 corrisposta per un periodo massimo di diciotto mesi, nei limiti delle settimane di contribuzione negli ultimi due anni, detratti i periodi di indennit\u00e0 gi\u00e0 eventualmente fruiti sia a titolo di indennit\u00e0 di disoccupazione ASpI che mini-ASpI negli ultimi diciotto mesi precedenti la data di cessazione del rapporto di lavoro.<\/p>\n<p>&nbsp;<\/p>\n<h4>Durata della prestazione indennit\u00e0 di disoccupazione mini-ASpI<\/h4>\n<p>L&#8217;indennit\u00e0 \u00e8 corrisposta mensilmente per un numero di settimane pari alla met\u00e0 delle settimane di contribuzione nei dodici mesi precedenti la data di cessazione del rapporto di lavoro e, ai fini della durata, non sono computati i periodi contributivi che hanno gi\u00e0 dato luogo ad erogazione della prestazione.<\/p>\n<p>Qualora invece la corresponsione di una precedente indennit\u00e0 mini-ASpI sia stata fruita parzialmente poich\u00e9 interrotta per rioccupazione del beneficiario prima della fine del periodo di durata spettante, possono essere computati, ai fini di una eventuale nuova indennit\u00e0 mini-ASpi, anche i periodi di\u00a0 contribuzione residui presi in considerazione per la precedente prestazione parziale, ma in relazione ai quali non vi sia stata una concreta erogazione della stessa prima indennit\u00e0. Questi periodi di contribuzione residui devono naturalmente ricadere nei dodici mesi precedenti la data di cessazione dell\u2019ultimo rapporto di lavoro.<\/p>\n<p>&nbsp;<\/p>\n<h4>Sospensione della prestazione indennit\u00e0 di disoccupazione mini-ASpI<\/h4>\n<p>In caso di nuova occupazione con contratto di lavoro subordinato del soggetto assicurato percettore di indennit\u00e0 mini-ASpI,\u00a0\u00a0 l\u2019indennit\u00e0 \u00e8 sospesa fino ad un massimo di cinque giorni.<\/p>\n","protected":false},"excerpt":{"rendered":"<p>Come \u00e8 noto l\u2019art. 1, comma 250, della legge 24 dicembre 2012, n. 228 (legge di stabilit\u00e0 2013), ha apportato, tra l\u2019altro, modifiche e integrazioni all\u2019articolo 2, della legge 28 giugno 2012, n. 92 di riforma del mercato del lavoro relativamente alle indennit\u00e0 di disoccupazione ASpI e mini-ASpI. L\u2019Inps, con la circolare n. 37 del [&hellip;]<\/p>\n","protected":false},"author":1,"featured_media":0,"comment_status":"closed","ping_status":"closed","sticky":false,"template":"","format":"standard","meta":{"footnotes":""},"categories":[23],"tags":[68,72],"class_list":["post-2754","post","type-post","status-publish","format-standard","hentry","category-comunicati","tag-comunicati-2","tag-economia"],"_links":{"self":[{"href":"https:\/\/www.snalsfrosinone.it\/index.php?rest_route=\/wp\/v2\/posts\/2754","targetHints":{"allow":["GET"]}}],"collection":[{"href":"https:\/\/www.snalsfrosinone.it\/index.php?rest_route=\/wp\/v2\/posts"}],"about":[{"href":"https:\/\/www.snalsfrosinone.it\/index.php?rest_route=\/wp\/v2\/types\/post"}],"author":[{"embeddable":true,"href":"https:\/\/www.snalsfrosinone.it\/index.php?rest_route=\/wp\/v2\/users\/1"}],"replies":[{"embeddable":true,"href":"https:\/\/www.snalsfrosinone.it\/index.php?rest_route=%2Fwp%2Fv2%2Fcomments&post=2754"}],"version-history":[{"count":1,"href":"https:\/\/www.snalsfrosinone.it\/index.php?rest_route=\/wp\/v2\/posts\/2754\/revisions"}],"predecessor-version":[{"id":2755,"href":"https:\/\/www.snalsfrosinone.it\/index.php?rest_route=\/wp\/v2\/posts\/2754\/revisions\/2755"}],"wp:attachment":[{"href":"https:\/\/www.snalsfrosinone.it\/index.php?rest_route=%2Fwp%2Fv2%2Fmedia&parent=2754"}],"wp:term":[{"taxonomy":"category","embeddable":true,"href":"https:\/\/www.snalsfrosinone.it\/index.php?rest_route=%2Fwp%2Fv2%2Fcategories&post=2754"},{"taxonomy":"post_tag","embeddable":true,"href":"https:\/\/www.snalsfrosinone.it\/index.php?rest_route=%2Fwp%2Fv2%2Ftags&post=2754"}],"curies":[{"name":"wp","href":"https:\/\/api.w.org\/{rel}","templated":true}]}}