{"id":2758,"date":"2013-03-21T22:57:30","date_gmt":"2013-03-21T21:57:30","guid":{"rendered":"http:\/\/snalsfrosinone.it\/?p=2758"},"modified":"2013-03-24T22:59:53","modified_gmt":"2013-03-24T21:59:53","slug":"decreto-docenti-inidonei-incontro-al-miur-del-21-marzo-2013-nel-corso-della-specifica-riunione-di-questa-mattina-e-stato-consegnato-il-testo-del-decreto-interministeriale-che-per-ora-e-stato","status":"publish","type":"post","link":"https:\/\/www.snalsfrosinone.it\/?p=2758","title":{"rendered":"Decreto Docenti Inidonei &#8211; Incontro al MIUR del 21 marzo 2013"},"content":{"rendered":"<p>Decreto Docenti Inidonei &#8211; Incontro al MIUR del 21 marzo 2013<\/p>\n<p>&nbsp;<\/p>\n<p>Nel corso della specifica riunione di questa mattina, \u00e8 stato consegnato il <b>testo del Decreto Interministeriale<\/b> che, per ora, \u00e8 stato firmato dal Ministro Profumo, ma non dal Ministro della F.P. e del MEF e, quindi, non \u00e8 operativo (lo alleghiamo nella versione inviataci dal MIUR, in acrobat).<\/p>\n<p>Da una prima lettura del testo risultano confermate le indicazioni che avevamo gi\u00e0 comunicato in base alle quali avevamo commentato che si era aperto uno spiraglio di miglioramento, frutto dell\u2019azione del sindacato<b> <\/b>che non \u00e8 mai venuta meno e che continuer\u00e0 perch\u00e9 non si pu\u00f2 ritenere una soluzione equa e corretta neppure quella prospettata dal nuovo testo del D.I. Tra l\u2019altro ci risulta che il MEF avrebbe ripensamenti in relazione, in particolare, sulla possibilit\u00e0 di fruire dell\u2019istituto della dispensa.<\/p>\n<p>Le modifiche introdotte rispetto al testo del primo D.I. si possono cos\u00ec sintetizzare:<\/p>\n<ul>\n<li>i docenti delle classi C999 e C555 transiteranno direttamente in prima applicazione su posti di personale docente tecnico pratico per cui hanno titolo;<\/li>\n<li>i docenti \u201cinidonei\u201d transiteranno su posti ATA solo nei limiti dei posti vacanti e disponibili, non anche in esubero, dopo le operazioni di mobilit\u00e0 di coloro che sono gi\u00e0 in ruolo per le qualifiche interessate alla mobilit\u00e0 professionale;<\/li>\n<li>sar\u00e0 consentito di fruire di dispensa nel momento della mobilit\u00e0 professionale dal ruolo dei docenti a quello ATA\u00a0 senza bisogno di alcuna visita medico collegiale oltre quella in base alla quale erano stati dichiarati \u201cpermanentemente inidonei\u201d. Ovviamente di tale opportunit\u00e0 potr\u00e0 fruire, a domanda, a seguito del provvedimento di mobilit\u00e0 coatta, solo chi \u00e8 in possesso dei requisiti per il pensionamento per dispensa. Andranno, comunque, chiariti in maniera inequivocabile quali sono i requisiti contributivi necessari per fruire sia del pensionamento a domanda che della dispensa da parte di queste particolari categorie di personale.<\/li>\n<\/ul>\n<p>Come detto in premessa, la soluzione prospettata, seppur migliorativa, non risolve il nodo di fondo che \u00e8 quello di rispettare le professionalit\u00e0 del personale coinvolto, sia ITP, che di quello permanentemente inidoneo alla funzione docente e di non danneggiare il personale ATA che, in attesa di stabilizzazione, sta operando nelle qualifiche professionali coinvolte.<\/p>\n<p>&nbsp;<\/p>\n<p>Lo SNALS-CONFSAL continuer\u00e0 ad operare affinch\u00e9 il nuovo Governo e il nuovo Parlamento cancellino la norma a cui si sta cercando di dare attuazione e non disperdano le professionalit\u00e0 acquisite dal personale che opera da anni all\u2019interno delle scuole individuando, ad esempio, nella logica dell\u2019attuazione dell\u2019organico di rete, specifiche figure professionali utili per la scuola consentendo cos\u00ec a questi colleghi di mantenere la qualifica di docenti anche se non nel rapporto diretto di docenza in classe con gli alunni.<\/p>\n<p>Nel ribadire che, comunque, la norma di legge non \u00e8 applicabile senza il Decreto Interministeriale previsto e, quindi, che per ora continuano ad essere vigenti le precedenti norme, lo SNALS-CONFSAL, qualora non si ottenga la modifica legislativa richiesta, valuter\u00e0 tutti gli spazi praticabili di impugnativa giurisdizionale.<\/p>\n","protected":false},"excerpt":{"rendered":"<p>Decreto Docenti Inidonei &#8211; Incontro al MIUR del 21 marzo 2013 &nbsp; Nel corso della specifica riunione di questa mattina, \u00e8 stato consegnato il testo del Decreto Interministeriale che, per ora, \u00e8 stato firmato dal Ministro Profumo, ma non dal Ministro della F.P. e del MEF e, quindi, non \u00e8 operativo (lo alleghiamo nella versione [&hellip;]<\/p>\n","protected":false},"author":1,"featured_media":0,"comment_status":"closed","ping_status":"closed","sticky":false,"template":"","format":"standard","meta":{"footnotes":""},"categories":[20],"tags":[68,50],"class_list":["post-2758","post","type-post","status-publish","format-standard","hentry","category-personale-docente","tag-comunicati-2","tag-personale-docente-2"],"_links":{"self":[{"href":"https:\/\/www.snalsfrosinone.it\/index.php?rest_route=\/wp\/v2\/posts\/2758","targetHints":{"allow":["GET"]}}],"collection":[{"href":"https:\/\/www.snalsfrosinone.it\/index.php?rest_route=\/wp\/v2\/posts"}],"about":[{"href":"https:\/\/www.snalsfrosinone.it\/index.php?rest_route=\/wp\/v2\/types\/post"}],"author":[{"embeddable":true,"href":"https:\/\/www.snalsfrosinone.it\/index.php?rest_route=\/wp\/v2\/users\/1"}],"replies":[{"embeddable":true,"href":"https:\/\/www.snalsfrosinone.it\/index.php?rest_route=%2Fwp%2Fv2%2Fcomments&post=2758"}],"version-history":[{"count":2,"href":"https:\/\/www.snalsfrosinone.it\/index.php?rest_route=\/wp\/v2\/posts\/2758\/revisions"}],"predecessor-version":[{"id":2760,"href":"https:\/\/www.snalsfrosinone.it\/index.php?rest_route=\/wp\/v2\/posts\/2758\/revisions\/2760"}],"wp:attachment":[{"href":"https:\/\/www.snalsfrosinone.it\/index.php?rest_route=%2Fwp%2Fv2%2Fmedia&parent=2758"}],"wp:term":[{"taxonomy":"category","embeddable":true,"href":"https:\/\/www.snalsfrosinone.it\/index.php?rest_route=%2Fwp%2Fv2%2Fcategories&post=2758"},{"taxonomy":"post_tag","embeddable":true,"href":"https:\/\/www.snalsfrosinone.it\/index.php?rest_route=%2Fwp%2Fv2%2Ftags&post=2758"}],"curies":[{"name":"wp","href":"https:\/\/api.w.org\/{rel}","templated":true}]}}