{"id":2779,"date":"2013-03-26T11:19:05","date_gmt":"2013-03-26T10:19:05","guid":{"rendered":"http:\/\/snalsfrosinone.it\/?p=2779"},"modified":"2013-04-01T11:19:50","modified_gmt":"2013-04-01T09:19:50","slug":"tutor-dei-tfa-firmato-il-decreto-interministeriale","status":"publish","type":"post","link":"https:\/\/www.snalsfrosinone.it\/?p=2779","title":{"rendered":"Tutor dei TFA: firmato il decreto interministeriale"},"content":{"rendered":"<p>Comunichiamo che i Ministri dell\u2019Istruzione Profumo e dell\u2019Economia e delle Finanze Grilli, hanno firmato il <b>Decreto Interministeriale del 26 marzo 2013, n. 210<\/b> avente per oggetto: \u201c<i>Decreto Interministeriale, concernente il contingente del personale della scuola da collocare in esonero parziale o totale e la loro ripartizione tra le facolt\u00e0 di cui all&#8217;art. 11, comma 5, del decreto del Ministro dell&#8217;istruzione e, dell&#8217;universit\u00e0 e della ricerca 10 settembre 2010 n. 249 recante il regolamento concernente la definizione della disciplina dei requisiti e della formazione iniziale degli insegnanti della scuola dell&#8217;infanzia, della scuola primaria e della scuola secondaria di secondo grado, ai sensi dell&#8217;articolo 2, comma 416 della legge 24 dicembre 2007, n.244\u201d<\/i>.<\/p>\n<p>Il Decreto Interministeriale n. 210 del 26.03.2013, in corso di registrazione alla Corte dei Conti, ha determinato il contingente di personale della scuola da collocare in esonero parziale e totale per lo svolgimento delle attivit\u00e0 di tirocinio degli insegnanti iscritti ai corsi di laurea magistrale per l\u2019insegnamento nella scuola dell\u2019infanzia e della scuola primaria, e al TFA della scuola secondaria di I e II grado e la ripartizione tra le facolt\u00e0, effettuata secondo le tabelle A e B allegate al decreto.<\/p>\n<p>Il personale che chieder\u00e0 l\u2019utilizzazione per le attivit\u00e0 di tutor, dovr\u00e0 attenersi a quanto gi\u00e0 previsto dal D.M. 8 novembre 2011.<\/p>\n","protected":false},"excerpt":{"rendered":"<p>Comunichiamo che i Ministri dell\u2019Istruzione Profumo e dell\u2019Economia e delle Finanze Grilli, hanno firmato il Decreto Interministeriale del 26 marzo 2013, n. 210 avente per oggetto: \u201cDecreto Interministeriale, concernente il contingente del personale della scuola da collocare in esonero parziale o totale e la loro ripartizione tra le facolt\u00e0 di cui all&#8217;art. 11, comma 5, [&hellip;]<\/p>\n","protected":false},"author":1,"featured_media":0,"comment_status":"closed","ping_status":"closed","sticky":false,"template":"","format":"standard","meta":{"footnotes":""},"categories":[19],"tags":[68,75],"class_list":["post-2779","post","type-post","status-publish","format-standard","hentry","category-formazione-aggiornamento","tag-comunicati-2","tag-formazione"],"_links":{"self":[{"href":"https:\/\/www.snalsfrosinone.it\/index.php?rest_route=\/wp\/v2\/posts\/2779","targetHints":{"allow":["GET"]}}],"collection":[{"href":"https:\/\/www.snalsfrosinone.it\/index.php?rest_route=\/wp\/v2\/posts"}],"about":[{"href":"https:\/\/www.snalsfrosinone.it\/index.php?rest_route=\/wp\/v2\/types\/post"}],"author":[{"embeddable":true,"href":"https:\/\/www.snalsfrosinone.it\/index.php?rest_route=\/wp\/v2\/users\/1"}],"replies":[{"embeddable":true,"href":"https:\/\/www.snalsfrosinone.it\/index.php?rest_route=%2Fwp%2Fv2%2Fcomments&post=2779"}],"version-history":[{"count":1,"href":"https:\/\/www.snalsfrosinone.it\/index.php?rest_route=\/wp\/v2\/posts\/2779\/revisions"}],"predecessor-version":[{"id":2780,"href":"https:\/\/www.snalsfrosinone.it\/index.php?rest_route=\/wp\/v2\/posts\/2779\/revisions\/2780"}],"wp:attachment":[{"href":"https:\/\/www.snalsfrosinone.it\/index.php?rest_route=%2Fwp%2Fv2%2Fmedia&parent=2779"}],"wp:term":[{"taxonomy":"category","embeddable":true,"href":"https:\/\/www.snalsfrosinone.it\/index.php?rest_route=%2Fwp%2Fv2%2Fcategories&post=2779"},{"taxonomy":"post_tag","embeddable":true,"href":"https:\/\/www.snalsfrosinone.it\/index.php?rest_route=%2Fwp%2Fv2%2Ftags&post=2779"}],"curies":[{"name":"wp","href":"https:\/\/api.w.org\/{rel}","templated":true}]}}