{"id":2856,"date":"2013-05-15T14:31:09","date_gmt":"2013-05-15T12:31:09","guid":{"rendered":"http:\/\/snalsfrosinone.it\/?p=2856"},"modified":"2013-05-21T14:32:45","modified_gmt":"2013-05-21T12:32:45","slug":"ccni-utilizzazioni-e-assegnazioni-provvisorie-a-s-201314-personale-docente-educativo-ed-ata-a-s-201314","status":"publish","type":"post","link":"https:\/\/www.snalsfrosinone.it\/?p=2856","title":{"rendered":"CCNI Utilizzazioni e Assegnazioni provvisorie a.s. 2013\/14 personale docente educativo ed ATA a.s. 2013\/14"},"content":{"rendered":"<div>\n<p>Nella pomeriggio di oggi, 15 maggio 2013, dopo un lungo e serrato confronto, iniziato gi\u00e0 dallo scorso 25 marzo e proseguito con un fitto calendario di incontri, \u00e8 stata sottoscritta l\u2019Ipotesi di CCNI concernente le utilizzazioni e le assegnazioni provvisorie del personale docente, educativo ed ATA per l\u2019a.s. 2013\/2014.<\/p>\n<p>Nel rinviarvi ad un\u2019attenta rilettura del testo, vi significhiamo che nella copia da noi pubblicata \u00e8 stato utilizzato il carattere \u201c<b>grassetto<\/b>\u201d per evidenziare le integrazioni apportate rispetto all\u2019analogo CCNI, sottoscritto in data 23\/08\/2012 per l\u2019a.s. 2012\/2013.<\/p>\n<p>Vi segnaliamo alcune delle modifiche apportate, omettendo quelle ovvie, quali l\u2019aggiornamento dell\u2019anno scolastico, della data del contratto della mobilit\u00e0 di riferimento o le modifiche meramente lessicali.<!--more--><\/p>\n<p><span style=\"text-decoration: underline;\">Art. 1<\/span> &#8211; CAMPO DI APPLICAZIONE, DURATA E DECORRENZA DEL CONTRATTO:<\/p>\n<p>al comma 10, per quanto riguarda la disciplina delle operazioni di utilizzazione e assegnazione provvisoria delle province di Bologna, Modena, Ferrara, Reggio Emilia, Mantova e Rovigo, coinvolte dagli eventi sismici del maggio 2012, si fa rinvio ai contenuti dell\u2019accordo sottoscritto il 4 luglio 2012.<\/p>\n<p>Al comma 13 \u00e8 stata prevista una norma di rinvio, nella quale le parti si riservano una integrazione della contrattazione relativa alle operazioni di utilizzazione e assegnazione provvisoria, a seguito degli esiti della mobilit\u00e0.<\/p>\n<p>A<span style=\"text-decoration: underline;\">rt. 2<\/span> &#8211; DOCENTI DESTINATARI DELLE UTILIZZAZIONI:<\/p>\n<p>al comma 1, punto h) \u00e8 stato previsto che i docenti appartenenti a ruoli, posti o classi di concorso in esubero, possano richiedere l\u2019utilizzazione presso gli ITS, di cui al DPCM 25\/2\/2008 e successive norme applicative, qualora richiesta dagli stessi ITS e prevista da specifici accordi regionali.<\/p>\n<p>Al comma 9, punto e) \u00e8 stata prevista la possibilit\u00e0, per gli insegnanti tecnico-pratici in esubero che non abbiano trovato utilizzazione nella propria o altre classi di concorso &#8211; o affini e nelle altre attivit\u00e0 previste al comma 9, di utilizzo, oltre che per quanto specificato dai punti a, b, c, d ed f anche per attivit\u00e0 presso gli istituti tecnici superiori (ITS), di cui al DPCM 25\/1\/2008 e successive norme applicative, qualora ne facciano richiesta gli stessi ITS e vengano previste da specifici accordi regionali.<\/p>\n<p><span style=\"text-decoration: underline;\">Art. 4<\/span> \u2013 UTILIZZAZIONI E ASSEGNAZIONI PROVVISORIE DEGLI IRC<\/p>\n<p>Al comma 2 \u00e8 stato meglio precisato il riferimento ai contenuti dell\u2019art. 3, c. 5 del contratto, ai fini della predisposizione del quadro complessivo delle disponibilit\u00e0 e della tempestiva informazione alle OO.SS..<\/p>\n<p><span style=\"text-decoration: underline;\">Art. 6bis<\/span> &#8211; UTILIZZAZIONI DEL PERSONALE NEI LICEI MUSICALI E COREUTICI:<\/p>\n<p>al comma 1, per gli insegnamenti nuova istituzione, dopo utilizzo dei docenti titolari delle classi di concorso A031, A032, A077, in possesso dei titoli di cui alla nota 4405 del 7\/05\/2013 &#8211; all. E -Tabella licei, \u00e8 stato precisato che si esclude l\u2019utilizzo dei docenti titolari su sostegno.<\/p>\n<p>Al comma 2 \u00e8 stato precisato che coloro che produrranno domanda di utilizzo, ai sensi del comma 1, saranno graduati sulla base della tabella di valutazione per la mobilit\u00e0 professionale allegata al CCNI 11\/3\/2013.<\/p>\n<p>Al comma 4, fatte salve le conferme previste al comma 11, \u00e8 stata limitata la possibilit\u00e0 di produrre istanza di utilizzo, per diversa provincia della stessa regione, soltanto al caso di mancata attivazione dei corsi di liceo musicale nella provincia di titolarit\u00e0; e\u2019 stato precisato, comunque, che si pu\u00f2 produrre domanda per una sola provincia.<\/p>\n<p>Al comma 7 per gli insegnamenti di \u201cesecuzione e interpretazione\u201d e \u201claboratorio di musica di insieme\u201d si \u00e8 fatto riferimento alla nota 4405 del 07\/05\/2013 &#8211; all. E -Tabella licei. Per tali insegnamenti, limitatamente ai titolari della classe A031 \u00e8 stato precisato ai fini del requisito di accesso, la precisazione, in relazione al servizio di strumento musicale prestato negli ex istituti magistrali \u201c<i>per almeno 180 giorni in un anno scolastico<\/i>\u201d. Inoltre, \u00e8 stato puntualizzato che per tutte le discipline di indirizzo i docenti devono essere graduati in base alla tabella per la mobilit\u00e0 professionale del CCNI 11\/3\/2013.<\/p>\n<p>Al comma 8, per tali insegnamenti, in subordine ai docenti forniti dei titoli previsti dai commi 1 e 7, \u00e8 stata prevista la possibilit\u00e0 di utilizzo per i titolari della classe A077, in possesso del diploma di conservatorio nello specifico strumento, con almeno tre anni di servizio nella classe A077, nel caso in cui nella provincia vi sia la presenza di personale in esubero delle classi A077, A031, A032, fino a concorrenza dell\u2019esubero. Prima di procedere, poi, all\u2019ulteriore utilizzo dei docenti titolari della classe A077 non in esubero, occorre accantonare, in ogni provincia con sezioni di liceo musicale, posti per tutti i docenti inseriti nelle graduatorie ad esaurimento e nelle graduatorie di istituto, relativamente alle classi di concorso A077, A031 e A032, in possesso dei requisiti previsti dalla nota 4405 del 7\/05\/2013 \u2013 allegato E Tabella licei, che abbiano prestato almeno 1 anno scolastico di servizio specifico nei licei musicali di cui al DPR 89\/2010.<\/p>\n<p>Al comma 11 \u00e8 stata precisata una priorit\u00e0 nelle conferme a domanda dei docenti gi\u00e0 utilizzati presso i licei musicali nei tre anni scolastici precedenti, sul posto o sulla quota oraria assegnata nell\u2019anno 2012\/2013. Sulle eventuali nuove disponibilit\u00e0 le utilizzazioni, anche per completamento d\u2019orario ai docenti gi\u00e0 confermati, saranno attuate in base alla posizione di graduatoria dando priorit\u00e0 agli appartenenti a classi di concorso in esubero.<\/p>\n<p><span style=\"text-decoration: underline;\">Art. 7<\/span> &#8211; ASSEGNAZIONI PROVVISORIE PERSONALE DOCENTE:<\/p>\n<p>al comma 1 \u00e8 stato precisato: \u201cnelle domande di assegnazione provvisoria, i posti di sostegno, di tipo speciale o ad indirizzo didattico differenziato, sono intercambiabili ai fini del rispetto del vincolo quinquennale di servizio su tali tipologie di posti\u201d.<\/p>\n<p>Al comma 3, in relazione alle lavoratrici madri, o in alternativa, ai lavoratori padri assunti con decorrenza giuridica 1\u00b0 settembre 2011, che abbiano figli di et\u00e0 superiore a 3 anni e fino a 8, \u00e8 stata aggiunta la dicitura \u201canche adottivi o affidatari\u201d ed \u00e8 stato puntualizzato che possono produrre domanda di assegnazione provvisoria per un\u2019altra provincia.<\/p>\n<p><span style=\"text-decoration: underline;\">ART.8<\/span> \u2013 ASSISTENZA<\/p>\n<p>PUNTO IV<\/p>\n<p>\u00e8 stato precisato, in relazione ai punti G e H, il richiamo alle nuove disposizioni inerenti le autocertificazioni, integrative delle precedenti norme, e cio\u00e8 all\u2019art. 15 comma 1 della L. 183\/2011. Inoltre, nei casi di certificazione di disabilit\u00e0 \u201crivedibile\u201d, \u00e8 stato precisato che la durata del riconoscimento travalichi \u201cl\u2019inizio dell\u2019a.s. per il quale viene disposta l\u2019utilizzazione o l\u2019assegnazione provvisoria\u201d. Al punto I, inoltre, anche per il caso delle lavoratrici madri o dei lavoratori padri con figli di et\u00e0 inferiori a 3 anni, \u00e8 stato precisato \u201canche adottivi e affidatarii\u201d.<\/p>\n<p>PUNTO V<\/p>\n<p>\u00e8 stato modificato il titolo come segue: \u201cpersonale cessato a qualunque titolo dal collocamento fuori ruolo\u201d; inoltre il punto J \u00e8 stato cos\u00ec sintetizzato: \u201cpersonale di cui all\u2019art. 2 comma 1 Lettera C\u201d.<\/p>\n<p><span style=\"text-decoration: underline;\">Art. 11<\/span> \u2013 PERSONALE ATA DESTINATARIO DELLE UTILIZZAZIONI<\/p>\n<p>al punto A, relativo al personale in soprannumero, \u00e8 stato precisato \u201csull\u2019organico dell\u2019istituto di titolarit\u00e0\u201d; al punto K, relativamente al personale in esubero \u00e8 stato precisato \u201civi compresi coloro che abbiano superato o stiano frequentando corsi di riconversione professionale\u201d.<\/p>\n<p><span style=\"text-decoration: underline;\">Art. 13<\/span> \u2013 ULTERIORI CRITERI PER LA DETERMINAZIONE DELLE DISPONIBILITA\u2019 RIFERITI AL PROFILO DI DIRETTORE DEI SERVIZI GENERALI ED AMMINISTRATIVI<\/p>\n<p>Al comma 1 punto A, a proposito del rientro della sede di precedente titolarit\u00e0 del DSGA soprannumerario a seguito dell\u2019art. 4 c. 70 della L. 183\/2011, in luogo della reggenza \u00e8 stato precisato \u201ca domanda\u201d. Inoltre, il punto D \u00e8 stato cos\u00ec riformulato \u201cutilizzazione in tutte le attivit\u00e0 a supporto dell\u2019autonomia scolastica presso gli Uffici Scolastici Regionali \u2013 ambiti territoriali provinciali\u201d.<\/p>\n<p>Al comma 2 \u00e8 stata meglio puntualizzata la possibilit\u00e0 di presentazione della domanda per i DSGA trasferiti a domanda condizionata ovvero d\u2019ufficio, senza aver presentato domanda, in quanto soprannumerari.<\/p>\n<p><span style=\"text-decoration: underline;\">Art. 18<\/span> \u2013 PRECEDENZE NELLE OPERAZIONI DI UTILIZZAZIONE E ASSEGNAZIONE PROVVISORIA<\/p>\n<p>PUNTO IV \u2013 ASSISTENZA<\/p>\n<p>\u00c8 stato precisato, in relazione ai punti F e G, come gi\u00e0 effettuato per i docenti, il riferimento all\u2019art. 15, c. 1 della L. 183\/2011, integrativa delle norme precedenti in materia di autocertificazione; inoltre, analogamente a quanto effettuato all\u2019art. 8 per i docenti, in caso di disabilit\u00e0 \u201crivedibile\u201d \u00e8 stato precisato che la durata del riconoscimento travalichi \u201cl\u2019inizio dell\u2019a.s. per il quale viene disposta l\u2019utilizzazione o l\u2019assegnazione provvisoria\u201d.<\/p>\n<p>Al punto H, in relazione alle lavoratrici madri o ai lavoratori padri con figli di et\u00e0 inferiore a 3 anni, \u00e8 stato precisato \u201canche adottivi o affidatari\u201d.<\/p>\n<p><span style=\"text-decoration: underline;\">Art. 19<\/span> \u2013 SEQUENZA OPERATIVA<\/p>\n<p>il comma 2 \u00e8 stato modificato precisando che le conferme a domanda del personale gi\u00e0 utilizzato o assegnato nell\u2019a.s. precedente sono da effettuarsi prioritariamente \u201cnel rispetto delle fasi di cui all\u2019art. 6\u201d.<\/p>\n<p>&nbsp;<\/p>\n<p>NOTE ALLA TABELLA DELLE ASSEGNAZIONI PROVVISORIE DEL PERSONALE DOCENTE ED EDUCATIVO<\/p>\n<p>In tali note, a proposito delle certificazioni richieste, \u00e8 stato precisato il riferimento all\u2019art. 15 c. 1 della L. 183\/2011. Alla nota 2, inoltre, \u00e8 stato precisato, per le certificazioni di disabilit\u00e0 rivedibili, che la durata del riconoscimento travalichi l\u2019inizio dell\u2019a.s. per il quale viene disposta l\u2019utilizzazione o l\u2019assegnazione provvisoria.<\/p>\n<p>Alla nota 7 \u00e8 stato precisato: \u201cil punteggio per le scuole comprese nel comune di ricongiungimento spetta anche ai docenti di religione cattolica, ai docenti titolari sulla DOS e ai docenti titolari sulla DOP\u201d.<\/p>\n<p>ALL\u2019ALLEGATO 3 \u2013 SEQUENZA OPERATIVA: UTILIZZAZIONI, ASSEGNAZIONI PROVVISORIE E ASSEGNAZIONE DI SEDE PROVVISORIA \u2013 PERSONALE DOCENTE<\/p>\n<p>nella parte relativa alle operazioni riguardanti i titolari su posto di sostegno al punto 7 \u00e8 stato aggiunto \u201cil docente che non ha trovato conferma ai sensi del punto 1 precede le normali utilizzazioni nell\u2019ambito dello stesso I.I.S. in presenza di disponibilit\u00e0 di posti\u201d.<\/p>\n<p>NOTE ALLA TABELLA DI VALUTAZIONE DELLE ASSEGNAZIONI PROVVISORIE DEL PERSONALE ATA<\/p>\n<p>sono state apportate alcune modifiche alle note, integrando e aggiornando la normativa relativa alla validit\u00e0 della certificazione richiesta, con specifico riferimento all\u2019art. 15 comma 1 della L. 183\/2011. Inoltre, nella nota 5, a proposito di soggetti disabili rivedibili, \u00e8 stato precisato, in relazione alla durata del riconoscimento che lo stesso travalichi l\u2019inizio dell\u2019a.s. per il quale viene disposta l\u2019utilizzazione o l\u2019assegnazione provvisoria.<\/p>\n<p>ALLEGATO 6 \u2013 SEQUENZA OPERATIVA: UTILIZZAZIONI ASSEGNAZIONI PROVVISORIE E ASSEGNAZIONE DI SEDE PROVVISORIA \u2013 PERSONALE ATA<\/p>\n<p>sono state apportate alcune modifiche e precisazioni:<\/p>\n<p>al punto 3, a proposito della conferma del personale ATA nella scuola di utilizzo nell\u2019a.s. precedente \u00e8 stato precisato che tale conferma riguarda i DSGA di cui all\u2019art. 13 del contratto. Al punto 4, a proposito dell\u2019utilizzo a domanda e d\u2019ufficio del personale ATA soprannumerario e di quello trasferito in quanto soprannumerario nell\u2019anno di riferimento delle operazioni o negli ultimi 8 anni che abbia richiesto e non ottenuto il rientro nella scuola di precedente titolarit\u00e0 \u00e8 stato meglio puntualizzato il seguente ordine: sul distretto sub comunale di precedente titolarit\u00e0; sul comune di precedente titolarit\u00e0 e sui comuni viciniori richiesti, nel rispetto delle relative tabelle.<\/p>\n<p>Al punto 6, in relazione all\u2019utilizzo del personale in esubero in profilo della stessa area o in altra area professionale (riferita agli assistenti tecnici) diversa da quello di titolarit\u00e0 \u00e8 stata chiarita la precedenza per il personale in possesso del titolo di studio per l\u2019accesso al profilo. Inoltre, ai punti 8 e 11, rispettivamente relativamente alle assegnazioni provvisorie in ambito provinciale e in ambito interprovinciale, \u00e8 stato precisato \u201cil personale beneficiario delle precedenze di cui all\u2019art. 18 viene trattato, con priorit\u00e0, nell\u2019ordine previsto\u201d.<\/p>\n<p>Il testo dell\u2019Ipotesi di CCNI, sottoscritta in data odierna, dovr\u00e0 essere inviato dalla Direzione Generale del personale della scuola del MIUR alla Direzione Generale del Bilancio del MIUR e, da quest\u2019ultima, prima all\u2019UCB e poi a Funzione Pubblica e MEF, per la verifica della congruit\u00e0 normativa e finanziaria, come previsto dal D.Lvo n. 150\/2009.<\/p>\n<p>In conseguenza, le date per la presentazione delle domanda saranno fissate solo al termine di tale procedura. Nel frattempo ci saranno specifici incontri per l\u2019esame dei moduli domanda.<\/p>\n<p>L\u2019Amministrazione ha confermato che la procedura di presentazione delle domande via web, con l\u2019utilizzo della procedura POLIS, sar\u00e0 destinata, per ora soltanto al personale docente della scuola primaria e dell\u2019infanzia.<\/p>\n<p>I docenti degli altri ordini di scuola ed il personale ATA continueranno a presentare le domande di utilizzazione e di assegnazione provvisoria per l\u2019a.s. 2013\/14 in formato cartaceo.<\/p>\n<p>Invece, il quadro delle disponibilit\u00e0 sar\u00e0 determinato, per tutti gli ordini di scuola, con procedura on line, al fine di velocizzare le operazioni.<\/p>\n<p>Sar\u00e0 nostra cura informarvi sull\u2019esito delle successive riunioni.<\/p>\n<p>Lo SNALS-Confsal si impegner\u00e0 a sollecitare l\u2019Amministrazione per lo snellimento e la velocizzazione della procedura burocratica relativa agli adempimenti previsti dal D.Lvo 150\/2009, in quanto il testo delle Ipotesi di CCNI \u00e8, purtroppo, sempre oggetto di lunghe verifiche interne al MIUR, sia da parte della Direzione Generale del Bilancio che dell\u2019UCB, con conseguente ritardo sia nell\u2019invio a Funzione Pubblica e MEF, che, ovviamente nella firma del contratto che pu\u00f2 avvenire solo al termine di tale complessa procedura.<\/p>\n<p>Tutto ci\u00f2, nonostante l\u2019accellerazione dell\u2019esame e della definizione del contratto fortemente voluta sia dallo SNALS-Confsal che dall\u2019Amministrazione e dalle altre Delegazioni Sindacali, ritarda anche la presentazione delle domande che potr\u00e0 avvenire soltanto al termine della verifica prevista; conseguentemente ritarda l\u2019effettuazione di tutte le operazioni di utilizzazione e assegnazione provvisoria e di quelle successive relative alle nomine a tempo indeterminato e a tempo determinato.<\/p>\n<p>&nbsp;<\/p>\n<\/div>\n","protected":false},"excerpt":{"rendered":"<p>Nella pomeriggio di oggi, 15 maggio 2013, dopo un lungo e serrato confronto, iniziato gi\u00e0 dallo scorso 25 marzo e proseguito con un fitto calendario di incontri, \u00e8 stata sottoscritta l\u2019Ipotesi di CCNI concernente le utilizzazioni e le assegnazioni provvisorie del personale docente, educativo ed ATA per l\u2019a.s. 2013\/2014. Nel rinviarvi ad un\u2019attenta rilettura del [&hellip;]<\/p>\n","protected":false},"author":1,"featured_media":0,"comment_status":"closed","ping_status":"closed","sticky":false,"template":"","format":"standard","meta":{"footnotes":""},"categories":[18],"tags":[68,49,52,50,51],"class_list":["post-2856","post","type-post","status-publish","format-standard","hentry","category-mobilita-e-utilizzazioni","tag-comunicati-2","tag-mobilita","tag-personale-ata","tag-personale-docente-2","tag-personale-educativo"],"_links":{"self":[{"href":"https:\/\/www.snalsfrosinone.it\/index.php?rest_route=\/wp\/v2\/posts\/2856","targetHints":{"allow":["GET"]}}],"collection":[{"href":"https:\/\/www.snalsfrosinone.it\/index.php?rest_route=\/wp\/v2\/posts"}],"about":[{"href":"https:\/\/www.snalsfrosinone.it\/index.php?rest_route=\/wp\/v2\/types\/post"}],"author":[{"embeddable":true,"href":"https:\/\/www.snalsfrosinone.it\/index.php?rest_route=\/wp\/v2\/users\/1"}],"replies":[{"embeddable":true,"href":"https:\/\/www.snalsfrosinone.it\/index.php?rest_route=%2Fwp%2Fv2%2Fcomments&post=2856"}],"version-history":[{"count":2,"href":"https:\/\/www.snalsfrosinone.it\/index.php?rest_route=\/wp\/v2\/posts\/2856\/revisions"}],"predecessor-version":[{"id":2858,"href":"https:\/\/www.snalsfrosinone.it\/index.php?rest_route=\/wp\/v2\/posts\/2856\/revisions\/2858"}],"wp:attachment":[{"href":"https:\/\/www.snalsfrosinone.it\/index.php?rest_route=%2Fwp%2Fv2%2Fmedia&parent=2856"}],"wp:term":[{"taxonomy":"category","embeddable":true,"href":"https:\/\/www.snalsfrosinone.it\/index.php?rest_route=%2Fwp%2Fv2%2Fcategories&post=2856"},{"taxonomy":"post_tag","embeddable":true,"href":"https:\/\/www.snalsfrosinone.it\/index.php?rest_route=%2Fwp%2Fv2%2Ftags&post=2856"}],"curies":[{"name":"wp","href":"https:\/\/api.w.org\/{rel}","templated":true}]}}