{"id":2866,"date":"2013-05-16T14:34:25","date_gmt":"2013-05-16T12:34:25","guid":{"rendered":"http:\/\/snalsfrosinone.it\/?p=2866"},"modified":"2013-05-23T14:35:24","modified_gmt":"2013-05-23T12:35:24","slug":"informativa-al-miur-su-organico-di-diritto-personale-ata-a-s-20132014-16-5-2013","status":"publish","type":"post","link":"https:\/\/www.snalsfrosinone.it\/?p=2866","title":{"rendered":"Informativa al Miur su organico di diritto personale ATA a.s. 2013\/2014 (16.5.2013)"},"content":{"rendered":"<p><i>Informativa al Miur su organico di diritto personale ATA a.s. 2013\/2014 (16.5.2013)<\/i><\/p>\n<p>Si \u00e8 svolta la programmata riunione relativa alla definizione dell\u2019organico di diritto del personale ATA per il prossimo anno scolastico.<\/p>\n<p>I rappresentanti dell\u2019Amministrazione non hanno fornito prospetti numerici di riparto ma hanno confermato, come criteri di ripartizione,\u00a0 quelli dell\u2019anno in corso e il mantenimento dello stesso tetto complessivo per tutte le figure professionali tranne che per i DSGA il cui numero sar\u00e0 determinato definitivamente solo dopo l\u2019assestamento definitivo del dimensionamento da parte delle regioni. E\u2019 stato ribadito che il riparto, rispetto all\u2019anno in corso, verr\u00e0 adeguato con i limitati assestamenti dovuti alla variazione della consistenza numerica degli allievi tra le diverse regioni.<\/p>\n<p>L\u2019Amministrazione ha anche fornito un prospetto dell\u2019andamento dell\u2019organico di fatto di questi ultimi anni.<!--more--><\/p>\n<p>La nostra delegazione ha reiterato la richiesta\u00a0 di integrazione delle consistenze organiche regionali assegnate fin dall\u2019organico di diritto, riassorbendo tali integrazioni in sede di organico di fatto. Correttivo gi\u00e0 adottato per il personale docente in diverse occasioni. Ci\u00f2 \u00e8 necessario per salvaguardare le esigenze, oggettivamente documentate e non soddisfabili con i contingenti assegnati, e per garantire il funzionamento delle scuole sia in termini di impegni amministrativi che di condizioni di assistenza e sicurezza.<\/p>\n<p>Per quanto attiene ai servizi esternalizzati, in relazione alla richiesta avanzata nella precedente riunione dallo SNALS-CONFSAL di avere una mappa precisa e dettagliata sia della consistenza territoriale delle scuole che fruiscono di tali servizi sia della consistenza del personale che li svolge, i rappresentanti dell\u2019Amministrazione hanno assicurato che sar\u00e0 fornito tale dato nella prossima riunione.<\/p>\n<p>&nbsp;<\/p>\n<p>A seguito delle richieste poste dalla nostra delegazione che, in particolare, aveva denunciato con forza:<\/p>\n<ul>\n<li>l\u2019urgenza di un intervento di modifica delle tabelle previste per la costituzione degli organici ATA nelle singole istituzioni scolastiche in quanto non pi\u00f9 rispondente al nuovo assetto derivante dal massiccio dimensionamento;<\/li>\n<li>i limiti della inaccettabile ridotta consistenza dell\u2019organico\u00a0 derivante dalle norme che hanno prodotto negli anni\u00a0 tagli insostenibili e incompatibili con un corretto funzionamento delle scuole, in particolare negli istituti comprensivi;<\/li>\n<li>la necessit\u00e0 di attuazione della norma di legge che prevede l\u2019istituzione di un organico pluriennale di scuola e di rete in cui risolvere, tra l\u2019altro, anche il problema dell\u2019area tecnica anche nel primo ciclo e delle \u201cfigure intermedie\u201d;<\/li>\n<li>l\u2019opportunit\u00e0 di destinare integralmente tutti i posti disponibili alle scuole con criteri trasparenti e oggettivi, eliminando l\u2019accantonamento a livello regionale di una quota, seppur ridotta, di organico,<\/li>\n<\/ul>\n<p>\u00e8 stato inserito all\u2019ordine del giorno di avviare un primo ragionamento relativo alla possibile revisione del DPR 119\/2009.<\/p>\n<p>&nbsp;<\/p>\n<p>La riunione \u00e8 stata aggiornata a luned\u00ec 27 c.m.<\/p>\n","protected":false},"excerpt":{"rendered":"<p>Informativa al Miur su organico di diritto personale ATA a.s. 2013\/2014 (16.5.2013) Si \u00e8 svolta la programmata riunione relativa alla definizione dell\u2019organico di diritto del personale ATA per il prossimo anno scolastico. I rappresentanti dell\u2019Amministrazione non hanno fornito prospetti numerici di riparto ma hanno confermato, come criteri di ripartizione,\u00a0 quelli dell\u2019anno in corso e il [&hellip;]<\/p>\n","protected":false},"author":1,"featured_media":0,"comment_status":"closed","ping_status":"closed","sticky":false,"template":"","format":"standard","meta":{"footnotes":""},"categories":[25],"tags":[68,56,52],"class_list":["post-2866","post","type-post","status-publish","format-standard","hentry","category-personale-a-t-a","tag-comunicati-2","tag-miur","tag-personale-ata"],"_links":{"self":[{"href":"https:\/\/www.snalsfrosinone.it\/index.php?rest_route=\/wp\/v2\/posts\/2866","targetHints":{"allow":["GET"]}}],"collection":[{"href":"https:\/\/www.snalsfrosinone.it\/index.php?rest_route=\/wp\/v2\/posts"}],"about":[{"href":"https:\/\/www.snalsfrosinone.it\/index.php?rest_route=\/wp\/v2\/types\/post"}],"author":[{"embeddable":true,"href":"https:\/\/www.snalsfrosinone.it\/index.php?rest_route=\/wp\/v2\/users\/1"}],"replies":[{"embeddable":true,"href":"https:\/\/www.snalsfrosinone.it\/index.php?rest_route=%2Fwp%2Fv2%2Fcomments&post=2866"}],"version-history":[{"count":0,"href":"https:\/\/www.snalsfrosinone.it\/index.php?rest_route=\/wp\/v2\/posts\/2866\/revisions"}],"wp:attachment":[{"href":"https:\/\/www.snalsfrosinone.it\/index.php?rest_route=%2Fwp%2Fv2%2Fmedia&parent=2866"}],"wp:term":[{"taxonomy":"category","embeddable":true,"href":"https:\/\/www.snalsfrosinone.it\/index.php?rest_route=%2Fwp%2Fv2%2Fcategories&post=2866"},{"taxonomy":"post_tag","embeddable":true,"href":"https:\/\/www.snalsfrosinone.it\/index.php?rest_route=%2Fwp%2Fv2%2Ftags&post=2866"}],"curies":[{"name":"wp","href":"https:\/\/api.w.org\/{rel}","templated":true}]}}