{"id":2881,"date":"2013-06-05T11:45:48","date_gmt":"2013-06-05T09:45:48","guid":{"rendered":"http:\/\/snalsfrosinone.it\/?p=2881"},"modified":"2013-06-09T11:47:03","modified_gmt":"2013-06-09T09:47:03","slug":"personale-ata-indizione-per-la-s-201213-dei-concorsi-per-titoli-per-laccesso-ai-ruoli-provinciali-profili-professionali-area-a-e-b","status":"publish","type":"post","link":"https:\/\/www.snalsfrosinone.it\/?p=2881","title":{"rendered":"Personale ATA &#8211; Indizione, per l&#8217;a.s. 2012\/13, dei concorsi per titoli per l&#8217;accesso ai ruoli provinciali, profili professionali area A e B"},"content":{"rendered":"<p>Il Miur &#8211; Dipartimento per l\u2019Istruzione &#8211; Direzione Generale per il personale scolastico &#8211; con la <b>nota prot. n. AOODGPER 5564, del 4\/6\/2013<\/b>, inviata agli Uffici Scolastici Regionali, ha fornito indicazioni ai candidati, gi\u00e0 inclusi o che concorrono per l\u2019inclusione nella graduatoria permanente provinciale dei concorsi per soli titoli per l\u2019accesso ai profili professionali dell\u2019area A e B del personale ATA, al fine di essere inseriti nella prima fascia delle corrispondenti graduatorie di circolo e di istituto per le supplenze temporanee della medesima provincia per l\u2019a.s. 2013\/2014.<\/p>\n<p>Tale domanda dovr\u00e0 essere inviata tramite le \u201cistanze on line\u201d.<\/p>\n<p><b>L\u2019applicazione per l\u2019invio on-line del modello di domanda (all. G) sar\u00e0 disponibile a partire dalle ore 9,00 del giorno 10 giugno 2013 fino alle ore 14.00 del giorno 3 luglio 2013<\/b>.<\/p>\n<p>La presentazione dell\u2019istanza con modalit\u00e0 Web, si articola in due momenti principali, il primo propedeutico al secondo :<\/p>\n<p>&#8211; la \u201c<b>Registrazione<\/b>\u201d da parte dell\u2019utente, che prevede il riconoscimento fisico presso un\u2019istituzione scolastica statale a scelta dell\u2019aspirante (funzione sempre disponibile). Tale operazione deve essere effettuata solo dagli utenti non registrati;<\/p>\n<p>&#8211; l\u2019 \u201c<b>Inserimento<\/b>\u201d dell\u2019istanza on line da parte dell\u2019utente (funzione disponibile dal prossimo <b>10 giugno<\/b>).<\/p>\n<p>Nell\u2019apposita sezione dedicata, \u201cIstanze on line &#8211; Registrazione\u201d allestita sul sito www.istruzione.it sono disponibili strumenti informativi e di supporto per gli utenti che dovranno utilizzare gli strumenti informatici per la presentazione delle istanze in questione.<\/p>\n<p>Infine, a riguardo viene precisato quanto segue:<\/p>\n<ul>\n<li>ciascun aspirante alla supplenza temporanea pu\u00f2 indicare complessivamente non pi\u00f9 di trenta istituzioni scolastiche per l\u2019insieme dei profili professionali cui ha titolo.<\/li>\n<li>l\u2019apposita funzione on-line dovr\u00e0 essere utilizzata nei seguenti casi:<\/li>\n<\/ul>\n<p>&#8211;\u00a0\u00a0\u00a0\u00a0\u00a0\u00a0\u00a0\u00a0\u00a0\u00a0\u00a0 aspirante gi\u00e0 inserito a pieno titolo nelle graduatorie permanenti di cui all\u2019art. 554 del D. Lvo 297\/94 e nella prima fascia delle graduatorie di circolo e di istituto per le supplenze temporanee della medesima provincia per l\u2019a. s. 2012\/2013 che, intenda mantenere le stesse sedi dell\u2019a.s. 2011\/2012 o sostituirle del tutto o in parte o comunicarne di nuove nel limite delle trenta consentite per tutti i profili professionali cui ha titolo;<\/p>\n<p>&#8211;\u00a0\u00a0\u00a0\u00a0\u00a0\u00a0\u00a0\u00a0\u00a0\u00a0\u00a0 aspirante gi\u00e0 inserito a pieno titolo nelle graduatorie permanenti di cui all\u2019art. 554 del D. Lvo 297\/94, ma non inserito nella prima fascia delle graduatorie di circolo e di istituto per le supplenze temporanee della medesima provincia per l\u2019a. s. 2012\/2013 sempre che desideri figurare nelle citate graduatorie di circolo e di istituto per l\u2019a.s. 2013\/2014;<\/p>\n<p>&#8211;\u00a0\u00a0\u00a0\u00a0\u00a0\u00a0\u00a0\u00a0\u00a0\u00a0\u00a0 aspirante che, avendone titolo, concorra per l\u2019inclusione nelle citate graduatorie permanenti, e desideri anche l\u2019inclusione nella 1\u00b0 fascia delle graduatorie di circolo e di istituto per le supplenze temporanee della medesima provincia per l\u2019a.s. 2013\/2014;<\/p>\n<ul>\n<li>l\u2019aspirante gi\u00e0 inserito a pieno titolo nelle graduatorie permanenti di cui all\u2019art. 554 del D. Lvo 297\/94 e nella prima fascia delle graduatorie di circolo e di istituto per le supplenze temporanee della medesima provincia per l\u2019a. s. 2012\/2013 che, intenda mantenere per l\u2019a.s. 2013\/14 le stesse sedi del suddetto anno scolastico, pu\u00f2 anche non comunicare le sedi tramite la funzionalit\u00e0 delle istanze on line. In questa circostanza sar\u00e0 effettuata, a cura del sistema informativo, una procedura di conferma automatica che tuttavia confermer\u00e0 le sole sedi che hanno mantenuto lo stesso codice dell\u2019a.s. 2012\/13 eliminando le sedi che per effetto della razionalizzazione della rete scolastica hanno cambiato codice;<\/li>\n<li>tutti gli aspiranti della 1\u00b0 fascia sono inclusi in graduatoria in base all\u2019automatica trasposizione dell\u2019ordine con cui figurano nelle corrispondenti graduatorie permanenti di cui all\u2019art. 554 del D. Lvo 297\/94;<\/li>\n<li>per esigenze organizzative, non sar\u00e0 possibile utilizzare la procedura on-line, ai fini dell\u2019invio della domanda (All. G) di inclusione nelle graduatorie di circolo e di istituto di 1\u00b0 fascia per l\u2019 a. s. 2013\/14, oltre le ore 14,00 del giorno 3 luglio 2013.<\/li>\n<\/ul>\n","protected":false},"excerpt":{"rendered":"<p>Il Miur &#8211; Dipartimento per l\u2019Istruzione &#8211; Direzione Generale per il personale scolastico &#8211; con la nota prot. n. AOODGPER 5564, del 4\/6\/2013, inviata agli Uffici Scolastici Regionali, ha fornito indicazioni ai candidati, gi\u00e0 inclusi o che concorrono per l\u2019inclusione nella graduatoria permanente provinciale dei concorsi per soli titoli per l\u2019accesso ai profili professionali dell\u2019area [&hellip;]<\/p>\n","protected":false},"author":1,"featured_media":0,"comment_status":"closed","ping_status":"closed","sticky":false,"template":"","format":"standard","meta":{"footnotes":""},"categories":[15],"tags":[68,56,52],"class_list":["post-2881","post","type-post","status-publish","format-standard","hentry","category-reclutamento-e-concorsi","tag-comunicati-2","tag-miur","tag-personale-ata"],"_links":{"self":[{"href":"https:\/\/www.snalsfrosinone.it\/index.php?rest_route=\/wp\/v2\/posts\/2881","targetHints":{"allow":["GET"]}}],"collection":[{"href":"https:\/\/www.snalsfrosinone.it\/index.php?rest_route=\/wp\/v2\/posts"}],"about":[{"href":"https:\/\/www.snalsfrosinone.it\/index.php?rest_route=\/wp\/v2\/types\/post"}],"author":[{"embeddable":true,"href":"https:\/\/www.snalsfrosinone.it\/index.php?rest_route=\/wp\/v2\/users\/1"}],"replies":[{"embeddable":true,"href":"https:\/\/www.snalsfrosinone.it\/index.php?rest_route=%2Fwp%2Fv2%2Fcomments&post=2881"}],"version-history":[{"count":1,"href":"https:\/\/www.snalsfrosinone.it\/index.php?rest_route=\/wp\/v2\/posts\/2881\/revisions"}],"predecessor-version":[{"id":2882,"href":"https:\/\/www.snalsfrosinone.it\/index.php?rest_route=\/wp\/v2\/posts\/2881\/revisions\/2882"}],"wp:attachment":[{"href":"https:\/\/www.snalsfrosinone.it\/index.php?rest_route=%2Fwp%2Fv2%2Fmedia&parent=2881"}],"wp:term":[{"taxonomy":"category","embeddable":true,"href":"https:\/\/www.snalsfrosinone.it\/index.php?rest_route=%2Fwp%2Fv2%2Fcategories&post=2881"},{"taxonomy":"post_tag","embeddable":true,"href":"https:\/\/www.snalsfrosinone.it\/index.php?rest_route=%2Fwp%2Fv2%2Ftags&post=2881"}],"curies":[{"name":"wp","href":"https:\/\/api.w.org\/{rel}","templated":true}]}}