{"id":2887,"date":"2013-06-05T11:50:25","date_gmt":"2013-06-05T09:50:25","guid":{"rendered":"http:\/\/snalsfrosinone.it\/?p=2887"},"modified":"2013-06-09T11:51:25","modified_gmt":"2013-06-09T09:51:25","slug":"personale-ata-informativa-al-miur-su-organico-di-diritto-a-s-201314","status":"publish","type":"post","link":"https:\/\/www.snalsfrosinone.it\/?p=2887","title":{"rendered":"Personale ATA &#8211; Informativa al Miur su organico di diritto a.s. 2013\/14"},"content":{"rendered":"<p style=\"text-align: justify;\">Al termine di una serie di incontri si \u00e8 conclusa l\u2019informativa relativa agli organici di diritto per il prossimo anno scolastico ed \u00e8 stato definito sia il testo finale della circolare sia le allegate tabelle di riparto a livello regionale dei diversi profili.<\/p>\n<p style=\"text-align: justify;\">La delegazione SNALS-CONFSAL ha preso atto dei criteri forniti, che ricalcano sostanzialmente quelli dell\u2019anno in corso con gli inevitabili limitati assestamenti dovuti alla variazione della consistenza numerica degli allievi tra le diverse regioni, e ha riconosciuto all\u2019amministrazione l\u2019impegno di cercare di integrare la consistenza complessiva dell\u2019organico con l\u2019incremento, a livello nazionale, di 500 posti. Ha, tuttavia, confermato la denuncia della inaccettabile ridotta consistenza dell\u2019organico, derivante dalle norme che hanno prodotto negli anni tagli insostenibili e incompatibili con un corretto funzionamento delle scuole.<\/p>\n<p style=\"text-align: justify;\">Al riguardo, ha rinnovato con forza la richiesta di attuazione della norma di legge che prevede l\u2019istituzione di un organico pluriennale di scuola e di rete, in cui risolvere, tra l\u2019altro, anche il problema delle \u201cfigure intermedie\u201d e la necessit\u00e0 di modificare le tabelle previste dal DPR, in modo da adeguarle alla nuova realt\u00e0 scolastica derivante dal dimensionamento e dalle riforme ordinamentali.<\/p>\n<p style=\"text-align: justify;\">In relazione ai temi sollevati con forza dalla delegazione dello SNALS-CONFSAL, relativi alla terziarizzazione dei servizi, all\u2019organico dei DSGA e all\u2019accantonamento dei posti di assistente tecnico derivanti da situazioni di esubero di ITP, non \u00e8 stato possibile ottenere miglioramenti sostanziali in presenza dei vincoli imposti dalle leggi e delle posizioni del MEF.<\/p>\n<p style=\"text-align: justify;\">Per quanto riguarda il tema alla terziarizzazione, di fronte alla denuncia della sostanziale impossibilit\u00e0 di garantire il funzionamento di molte scuole coinvolte, a causa della \u201cstrana\u201d distribuzione di questo personale, che in molti casi sembra sfociare in situazioni di non rispetto delle leggi e delle norme sugli organici, i rappresentanti dell\u2019amministrazione hanno garantito che, in un incontro con i direttori regionali, ribadiranno che per nessun motivo i piani territoriali di impiego del personale che svolge attivit\u00e0 in relazione a servizi esternalizzati possono estendere tali servizi a istituzioni scolastiche che non ne fruiscono gi\u00e0 e richiameranno la necessit\u00e0 di rientrare nel rispetto della normativa vigente.<\/p>\n<p style=\"text-align: justify;\">La delegazione del MIUR, a seguito delle osservazioni del sindacato, si \u00e8 impegnata a garantire, in sede di definizione dell\u2019adeguamento dell\u2019organico di diritto alla situazione di fatto, i necessari correttivi per mettere le scuole in condizione di garantire le necessarie condizioni di agibilit\u00e0 e di sicurezza.<\/p>\n<p style=\"text-align: justify;\">\n","protected":false},"excerpt":{"rendered":"<p>Al termine di una serie di incontri si \u00e8 conclusa l\u2019informativa relativa agli organici di diritto per il prossimo anno scolastico ed \u00e8 stato definito sia il testo finale della circolare sia le allegate tabelle di riparto a livello regionale dei diversi profili. La delegazione SNALS-CONFSAL ha preso atto dei criteri forniti, che ricalcano sostanzialmente [&hellip;]<\/p>\n","protected":false},"author":1,"featured_media":0,"comment_status":"closed","ping_status":"closed","sticky":false,"template":"","format":"standard","meta":{"footnotes":""},"categories":[25],"tags":[68,52],"class_list":["post-2887","post","type-post","status-publish","format-standard","hentry","category-personale-a-t-a","tag-comunicati-2","tag-personale-ata"],"_links":{"self":[{"href":"https:\/\/www.snalsfrosinone.it\/index.php?rest_route=\/wp\/v2\/posts\/2887","targetHints":{"allow":["GET"]}}],"collection":[{"href":"https:\/\/www.snalsfrosinone.it\/index.php?rest_route=\/wp\/v2\/posts"}],"about":[{"href":"https:\/\/www.snalsfrosinone.it\/index.php?rest_route=\/wp\/v2\/types\/post"}],"author":[{"embeddable":true,"href":"https:\/\/www.snalsfrosinone.it\/index.php?rest_route=\/wp\/v2\/users\/1"}],"replies":[{"embeddable":true,"href":"https:\/\/www.snalsfrosinone.it\/index.php?rest_route=%2Fwp%2Fv2%2Fcomments&post=2887"}],"version-history":[{"count":1,"href":"https:\/\/www.snalsfrosinone.it\/index.php?rest_route=\/wp\/v2\/posts\/2887\/revisions"}],"predecessor-version":[{"id":2888,"href":"https:\/\/www.snalsfrosinone.it\/index.php?rest_route=\/wp\/v2\/posts\/2887\/revisions\/2888"}],"wp:attachment":[{"href":"https:\/\/www.snalsfrosinone.it\/index.php?rest_route=%2Fwp%2Fv2%2Fmedia&parent=2887"}],"wp:term":[{"taxonomy":"category","embeddable":true,"href":"https:\/\/www.snalsfrosinone.it\/index.php?rest_route=%2Fwp%2Fv2%2Fcategories&post=2887"},{"taxonomy":"post_tag","embeddable":true,"href":"https:\/\/www.snalsfrosinone.it\/index.php?rest_route=%2Fwp%2Fv2%2Ftags&post=2887"}],"curies":[{"name":"wp","href":"https:\/\/api.w.org\/{rel}","templated":true}]}}