{"id":2889,"date":"2013-06-07T11:51:36","date_gmt":"2013-06-07T09:51:36","guid":{"rendered":"http:\/\/snalsfrosinone.it\/?p=2889"},"modified":"2013-06-09T11:53:23","modified_gmt":"2013-06-09T09:53:23","slug":"accordo-posizioni-economiche-e-problematiche-personale-a-t-a","status":"publish","type":"post","link":"https:\/\/www.snalsfrosinone.it\/?p=2889","title":{"rendered":"Accordo posizioni economiche e problematiche personale A.T.A."},"content":{"rendered":"<p>Trascriviamo, di seguito, la nota che lo SNALS-Confsal, FLC-Cgil, CISL Scuola, UIL Scuola e Fed. GILDA-Unams hanno inviato al MIUR questa mattina:<\/p>\n<p><!--more--><\/p>\n<p align=\"center\">\n<p>&nbsp;<\/p>\n<div align=\"center\">\n<table style=\"width: 100%;\" border=\"0\" cellspacing=\"0\" cellpadding=\"0\">\n<tbody>\n<tr>\n<td colspan=\"5\" width=\"100%\">\n<p align=\"right\">\n<p>&nbsp;<\/p>\n<p style=\"text-align: right;\">Capo di Gabinetto<\/p>\n<p style=\"text-align: right;\">Dott. Luigi Fiorentino<\/p>\n<p style=\"text-align: right;\">\n<p style=\"text-align: right;\">Dott. Luciano Chiappetta<\/p>\n<p style=\"text-align: right;\">Direttore Generale<\/p>\n<p style=\"text-align: right;\">Per il Personale Scolastico<\/p>\n<p>&nbsp;<\/p>\n<p style=\"text-align: right;\">Ministero Istruzione, Universit\u00e0, Ricerca<\/p>\n<p style=\"text-align: right;\">Viale Trastevere, 76 a<\/p>\n<p style=\"text-align: right;\">00153 ROMA<\/p>\n<p>Roma 7 giugno 2013<\/p>\n<p><i>\u00a0<\/i><\/p>\n<p><i>\u00a0<\/i><\/p>\n<p><i>OGGETTO: Accordo Posizioni economiche e problematiche personale ATA.<\/i><\/p>\n<p><i>\u00a0<\/i><\/p>\n<p>Le scriventi Segreterie Nazionali segnalano la situazione di forte preoccupazione del personale interessato e delle scuole per le notizie relative alle difficolt\u00e0 incontrate nella certificazione della compatibilit\u00e0 finanziaria dell\u2019ipotesi di\u00a0 accordo sulle Posizioni economiche ATA del maggio 2011.<\/p>\n<p>Il MEF, infatti, riterrebbe il suddetto accordo non conforme al quadro normativo vigente al momento della stipula, in quanto tali posizioni economiche rappresenterebbero una forma di progressione economica.<\/p>\n<p>Nell\u2019evidenziare la necessit\u00e0 di procedere all\u2019attribuzione delle nuove posizioni per l\u2019anno corrente ed alla formazione per i nuovi destinatari, ribadiscono la considerazione che tali posizioni &#8211; che non comportano passaggi d\u2019area ma esclusivamente lo svolgimento di attivit\u00e0 lavorative complesse &#8211; sono finanziate con risorse gi\u00e0 previste dalla contrattazione integrativa e che, pertanto, la loro attribuzione non comporta alcun incremento della spesa.<\/p>\n<p>Risulta comunque inaccettabile che si mettano in discussione, due anni dopo la stipula, gli effetti di un accordo che ha riflessi concreti sui lavoratori e sulle scuole.<\/p>\n<p>Ad avviso delle scriventi Segreterie \u00e8 necessario procedere alla firma definitiva dell\u2019accordo in questione per consentire una ordinata e proficua organizzazione del lavoro nelle scuole ed anche al fine di evitare le azioni di tutela dei diritti contrattuali del personale che, essendo destinatario di posizione economica, ha gi\u00e0 svolto le attivit\u00e0 ed \u00e8 stato escluso dalla retribuzione accessoria<\/p>\n<p>Per quanto esposto queste Organizzazioni Sindacali chiedono di giungere ad una positiva conclusione della vicenda.<\/p>\n<p>Auspicano inoltre che nell\u2019 incontro dell\u201911 giugno prossimo venturo, trovino soluzione anche\u00a0 le altre problematiche pi\u00f9 volte rappresentate riguardanti le immissioni in ruolo, l\u2019atto di indirizzo per il compenso del DSGA affidatario nelle scuole sottodimensionate e la revisione degli organici.<\/p>\n<p>Distinti saluti<\/p>\n<p>&nbsp;<\/td>\n<\/tr>\n<tr>\n<td width=\"20%\">\n<p align=\"center\"><i>Domenico Pantaleo<\/i><\/p>\n<\/td>\n<td width=\"20%\">\n<p align=\"center\"><i>Francesco Scrima<\/i><\/p>\n<\/td>\n<td width=\"20%\">\n<p align=\"center\"><i>Massimo Di Menna<\/i><\/p>\n<\/td>\n<td width=\"20%\">\n<p align=\"center\"><i>Marco Paolo Nigi<\/i><\/p>\n<\/td>\n<td width=\"20%\">\n<p align=\"center\"><i>Rino Di Meglio<\/i><\/p>\n<\/td>\n<\/tr>\n<\/tbody>\n<\/table>\n<\/div>\n<p>&nbsp;<\/p>\n","protected":false},"excerpt":{"rendered":"<p>Trascriviamo, di seguito, la nota che lo SNALS-Confsal, FLC-Cgil, CISL Scuola, UIL Scuola e Fed. GILDA-Unams hanno inviato al MIUR questa mattina:<\/p>\n","protected":false},"author":1,"featured_media":0,"comment_status":"closed","ping_status":"closed","sticky":false,"template":"","format":"standard","meta":{"footnotes":""},"categories":[25],"tags":[68,70,52],"class_list":["post-2889","post","type-post","status-publish","format-standard","hentry","category-personale-a-t-a","tag-comunicati-2","tag-organizzazioni-sindacali","tag-personale-ata"],"_links":{"self":[{"href":"https:\/\/www.snalsfrosinone.it\/index.php?rest_route=\/wp\/v2\/posts\/2889","targetHints":{"allow":["GET"]}}],"collection":[{"href":"https:\/\/www.snalsfrosinone.it\/index.php?rest_route=\/wp\/v2\/posts"}],"about":[{"href":"https:\/\/www.snalsfrosinone.it\/index.php?rest_route=\/wp\/v2\/types\/post"}],"author":[{"embeddable":true,"href":"https:\/\/www.snalsfrosinone.it\/index.php?rest_route=\/wp\/v2\/users\/1"}],"replies":[{"embeddable":true,"href":"https:\/\/www.snalsfrosinone.it\/index.php?rest_route=%2Fwp%2Fv2%2Fcomments&post=2889"}],"version-history":[{"count":1,"href":"https:\/\/www.snalsfrosinone.it\/index.php?rest_route=\/wp\/v2\/posts\/2889\/revisions"}],"predecessor-version":[{"id":2890,"href":"https:\/\/www.snalsfrosinone.it\/index.php?rest_route=\/wp\/v2\/posts\/2889\/revisions\/2890"}],"wp:attachment":[{"href":"https:\/\/www.snalsfrosinone.it\/index.php?rest_route=%2Fwp%2Fv2%2Fmedia&parent=2889"}],"wp:term":[{"taxonomy":"category","embeddable":true,"href":"https:\/\/www.snalsfrosinone.it\/index.php?rest_route=%2Fwp%2Fv2%2Fcategories&post=2889"},{"taxonomy":"post_tag","embeddable":true,"href":"https:\/\/www.snalsfrosinone.it\/index.php?rest_route=%2Fwp%2Fv2%2Ftags&post=2889"}],"curies":[{"name":"wp","href":"https:\/\/api.w.org\/{rel}","templated":true}]}}