{"id":2891,"date":"2013-06-10T23:29:23","date_gmt":"2013-06-10T21:29:23","guid":{"rendered":"http:\/\/snalsfrosinone.it\/?p=2891"},"modified":"2013-06-12T23:30:57","modified_gmt":"2013-06-12T21:30:57","slug":"insostenibile-e-inaccettabile-la-proroga-del-blocco-dei-rinnovi-contrattuali","status":"publish","type":"post","link":"https:\/\/www.snalsfrosinone.it\/?p=2891","title":{"rendered":"Insostenibile e inaccettabile la proroga del blocco dei rinnovi contrattuali"},"content":{"rendered":"<p>Editoriale del Segretario Generale<\/p>\n<p><b>\u00a0<\/b><\/p>\n<p>Si riporta, di seguito, il testo <b>dell\u2019editoriale del Segretario Generale che verr\u00e0 pubblicato sul prossimo numero dell\u2019organo di stampa della nostra Confederazione: \u201cConfsal, Societ\u00e0, Cultura, Lavoro\u201d.<\/b><\/p>\n<p><b>\u00a0<!--more--><\/b><\/p>\n<p><b>\u00a0<\/b><\/p>\n<p><b>Per i dipendenti pubblici<\/b><\/p>\n<p><b>\u00a0<\/b><\/p>\n<p align=\"center\"><b>Insostenibile e inaccettabile<\/b><\/p>\n<p align=\"center\"><b>la proroga del blocco dei rinnovi contrattuali<\/b><\/p>\n<p align=\"center\"><b>\u00a0<\/b><\/p>\n<p align=\"right\"><b>Confsal: \u00e8 mobilitazione<\/b><\/p>\n<p><i>\u00a0<\/i><\/p>\n<p align=\"center\"><i>di Marco Paolo Nigi<\/i><\/p>\n<p>&nbsp;<\/p>\n<p>Negli anni dell\u2019austerit\u00e0 il risanamento dei conti pubblici, attraverso una sequenza di provvedimenti governativi prevalentemente iniqui, ha avuto un alto costo per il cittadino italiano, soprattutto per il contribuente \u201conesto\u201d, il consumatore di beni di prima necessit\u00e0 e l\u2019utente dei servizi pubblici essenziali.<\/p>\n<p>Il dipendente pubblico, tassato pesantemente alla fonte in un contesto di crescente pressione fiscale, per effetto del blocco dei rinnovi contrattuali, fermi al 31 dicembre 2009, e del <i>turn over,<\/i> nonch\u00e9 dell\u2019esteso e diffuso precariato, ha subito una doppia penalizzazione dallo Stato e dalle Autonomie Locali, quali Istituzioni pubbliche e quali datori di lavoro.<\/p>\n<p>Il potere di acquisto del dipendente pubblico \u00e8 stato intaccato gravemente dal blocco pluriennale delle retribuzioni nominali, erose nel valore reale dalla maggiore tassazione e dall\u2019inflazione spinta in alto dal \u201ccattivo governo\u201d delle tariffe e dei prezzi pubblici.<\/p>\n<p>Riguardo al blocco del rinnovo dei contratti pubblici e della sua proroga contenuta nella previsione dell\u2019atto governativo n. 9, la Confsal, prima in audizione in Parlamento e successivamente nell\u2019incontro con il Ministro della Pubblica Amministrazione e Semplificazione Gianpiero D\u2019Alia del 4 giugno scorso, ha denunciato, oltre la evidente iniquit\u00e0, l\u2019illegittimit\u00e0 del provvedimento.<\/p>\n<p>Infatti, \u00e8 rilevabile la violazione dell\u2019art. 3 della Costituzione allorquando all\u2019effetto negativo del blocco del rinnovo dei contratti dei dipendenti pubblici per tempi medio-lunghi si contrappone l\u2019effetto positivo dei rinnovi contrattuali in alcuni settori del privato impiego. Salta, cos\u00ec, l\u2019equiparazione tra dipendente pubblico e dipendente privato.<\/p>\n<p>La violazione \u00e8 ancora pi\u00f9 grave nel momento in cui viene meno l\u2019uguaglianza fra dipendenti pubblici dello stesso comparto come, ad esempio, quello della giustizia, in cui i magistrati non subiscono il blocco retributivo a differenza degli altri dipendenti.<\/p>\n<p>E\u2019 altrettanto palese la violazione dell\u2019art. 36 della Costituzione allorquando producono effetti contemporaneamente il blocco del <i>turn over,<\/i> con la conseguente riduzione del numero dei dipendenti e con l\u2019inevitabile maggiore onerosit\u00e0 delle prestazioni, e il blocco dei rinnovi contrattuali, con la riduzione in termini reali delle retribuzioni. In sintesi, viene meno il sinallagma fra prestazione e controprestazione quale fondamento del sistema privatistico e soprattutto viene mortificato il diritto costituzionalmente garantito del lavoratore pubblico <i>\u201cad una retribuzione proporzionata alla quantit\u00e0 e alla qualit\u00e0 del suo lavoro\u201d.<\/i><\/p>\n<p>Il provvedimento, con la previsione di pesanti sacrifici corrispondenti a cinque anni di \u201cblocco retributivo\u201d per la stragrande maggioranza dei dipendenti pubblici ma non per tutti, si rivela oltremodo iniquo nonch\u00e9 irragionevole.<\/p>\n<p>Il blocco produce anche profili previdenziali fortemente penalizzanti, per non parlare dello scandaloso mancato riconoscimento dell\u2019Indennit\u00e0 di vacanza contrattuale, gi\u00e0 prevista dalla legge.<\/p>\n<p>Per tutti questi motivi di merito e di legittimit\u00e0, la Confsal ha chiesto al Governo il ritiro dell\u2019atto governativo n. 9.<\/p>\n<p>Per il rinnovo dei contratti pubblici le risorse finanziarie occorrenti possono essere reperite anche con economie di bilancio e risparmi di gestione, eliminando gli sprechi, come le costose e spesso inutili consulenze.<\/p>\n<p>Ma la Confsal, da tempo, ha individuato e ha indicato al Governo le fonti delle possibili maggiori entrate e minori spese da destinare a copertura dei contratti pubblici nel contrasto serio e efficace all\u2019evasione fiscale e nella vendita graduale del patrimonio pubblico disponibile non utilizzato, nonch\u00e9 nei risparmi connessi con le mancate spese di gestione degli immobili alienati.<\/p>\n<p>In sintesi, per la Confsal, l\u2019apertura dei negoziati per i rinnovi contrattuali pubblici \u00e8 dovuta, cos\u00ec come \u00e8 indispensabile definire e stanziare le relative risorse per affermare un minimo di equit\u00e0 e di legittimit\u00e0 nei confronti dei pubblici dipendenti.<\/p>\n<p>D\u2019altra parte, se si vuole veramente una Pubblica Amministrazione efficiente e funzionale alla crescita economica e occupazionale non si pu\u00f2 continuare con le politiche dei tagli lineari e irrazionali, con il blocco del <i>turn over<\/i> e dei rinnovi contrattuali.<\/p>\n<p>Al contrario, si devono avviare nuove e moderne politiche del personale valorizzando il lavoro pubblico e motivando il personale, anche attraverso l\u2019incentivazione e la premialit\u00e0 del merito professionale.<\/p>\n<p>In conclusione, il Governo \u00e8 chiamato a fare scelte mirate a rendere la Pubblica Amministrazione efficiente nello svolgimento delle sue funzioni e nell\u2019erogazione dei servizi e a valorizzare effettivamente e economicamente il lavoro dei pubblici dipendenti.<\/p>\n<p>La Confsal, con le sue Federazioni, dopo aver presentato in merito giuste rivendicazioni e ragionevoli proposte risolutive, proclama la mobilitazione dei lavoratori pubblici e, in caso di mancate adeguate risposte da parte del Governo, \u00e8 pronta a mettere in atto dure azioni di protesta e di lotta.<\/p>\n<p><b>\u00a0<\/b><\/p>\n<p>Cordiali saluti<\/p>\n<p>&nbsp;<\/p>\n<p align=\"center\">Il\u00a0 Segretario Generale<\/p>\n<p align=\"center\">Prof. Marco Paolo Nigi<\/p>\n<p>&nbsp;<\/p>\n","protected":false},"excerpt":{"rendered":"<p>Editoriale del Segretario Generale \u00a0 Si riporta, di seguito, il testo dell\u2019editoriale del Segretario Generale che verr\u00e0 pubblicato sul prossimo numero dell\u2019organo di stampa della nostra Confederazione: \u201cConfsal, Societ\u00e0, Cultura, Lavoro\u201d. \u00a0<\/p>\n","protected":false},"author":1,"featured_media":0,"comment_status":"closed","ping_status":"closed","sticky":false,"template":"","format":"standard","meta":{"footnotes":""},"categories":[23],"tags":[68,58],"class_list":["post-2891","post","type-post","status-publish","format-standard","hentry","category-comunicati","tag-comunicati-2","tag-segretario-generale"],"_links":{"self":[{"href":"https:\/\/www.snalsfrosinone.it\/index.php?rest_route=\/wp\/v2\/posts\/2891","targetHints":{"allow":["GET"]}}],"collection":[{"href":"https:\/\/www.snalsfrosinone.it\/index.php?rest_route=\/wp\/v2\/posts"}],"about":[{"href":"https:\/\/www.snalsfrosinone.it\/index.php?rest_route=\/wp\/v2\/types\/post"}],"author":[{"embeddable":true,"href":"https:\/\/www.snalsfrosinone.it\/index.php?rest_route=\/wp\/v2\/users\/1"}],"replies":[{"embeddable":true,"href":"https:\/\/www.snalsfrosinone.it\/index.php?rest_route=%2Fwp%2Fv2%2Fcomments&post=2891"}],"version-history":[{"count":1,"href":"https:\/\/www.snalsfrosinone.it\/index.php?rest_route=\/wp\/v2\/posts\/2891\/revisions"}],"predecessor-version":[{"id":2892,"href":"https:\/\/www.snalsfrosinone.it\/index.php?rest_route=\/wp\/v2\/posts\/2891\/revisions\/2892"}],"wp:attachment":[{"href":"https:\/\/www.snalsfrosinone.it\/index.php?rest_route=%2Fwp%2Fv2%2Fmedia&parent=2891"}],"wp:term":[{"taxonomy":"category","embeddable":true,"href":"https:\/\/www.snalsfrosinone.it\/index.php?rest_route=%2Fwp%2Fv2%2Fcategories&post=2891"},{"taxonomy":"post_tag","embeddable":true,"href":"https:\/\/www.snalsfrosinone.it\/index.php?rest_route=%2Fwp%2Fv2%2Ftags&post=2891"}],"curies":[{"name":"wp","href":"https:\/\/api.w.org\/{rel}","templated":true}]}}