{"id":3011,"date":"2013-09-19T12:26:21","date_gmt":"2013-09-19T10:26:21","guid":{"rendered":"http:\/\/snalsfrosinone.it\/?p=3011"},"modified":"2013-10-07T12:28:26","modified_gmt":"2013-10-07T10:28:26","slug":"in-nome-del-risparmio-si-cancella-il-buon-nome-dellitalia-allestero","status":"publish","type":"post","link":"https:\/\/www.snalsfrosinone.it\/?p=3011","title":{"rendered":"In nome del risparmio si cancella il buon nome dell&#8217;Italia all&#8217;estero!"},"content":{"rendered":"<p style=\"text-align: justify;\">Il 17\/9 u.s., il MAE \u2013 DGSP Ufficio V &#8211; ha reso noti i <strong>Decreti Interministeriali n. 4016<\/strong> e <strong>n. 4017<\/strong> relativi, rispettivamente, ai posti di <strong>contingente dei Dirigenti Scolastici e del personale docente e amministrativo<\/strong> della scuola assegnato alle scuole italiane all\u2019estero e alle universit\u00e0, nonch\u00e9 a tutte le iniziative che hanno lo scopo di promuovere all\u2019estero l\u2019insegnamento della nostra lingua e cultura.<\/p>\n<p style=\"text-align: justify;\">Raccomandiamo a chi legge di \u201cdare uno sguardo\u201d alle premesse dei due decreti, che evidenziano quanto repentina sia la parabola discendente della nostra presenza nel panorama culturale degli altri Paesi: il contingente \u00e8 stato ridotto, nell\u2019a.s. 2012-2013, di 134 unit\u00e0, e per il corrente anno scolastico di altre 57 unit\u00e0 (53 docenti e amministrativi e 4 Dirigenti scolastici).<\/p>\n<p style=\"text-align: justify;\">Si pensi che solo 6 anni fa i Dirigenti Scolastici erano 75, ed ora sono solo 33! E i docenti ed amministrativi erano circa 1240 ed ora sono 800!<\/p>\n<p style=\"text-align: justify;\">Ovviamente sono stati drasticamente ridotti i posti di contingente, cio\u00e8 quelli sui quali nominare i colleghi gi\u00e0 di ruolo in Italia, ma per sopperire ai bisogni reali della scuola e dei corsi istituiti all\u2019estero i Dirigenti scolastici sono stati autorizzati a nominare supplenti temporanei reclutati in loco, con requisiti minimi di anzianit\u00e0 di servizio e di cultura.<\/p>\n<p style=\"text-align: justify;\">Chi sperava che il saldo finale di 624 unit\u00e0 si potesse conseguire al massimo entro due anni, \u00e8 rimasto amaramente deluso dalla lettura dell\u2019art. 9 del D.L. 101\/2013 (cosiddetto decreto D\u2019ALIA) che inverte del tutto la prospettiva. Detto con estrema semplicit\u00e0, il MAE \u00e8 autorizzato a dare disposizioni alle Direzioni Scolastiche periferiche affinch\u00e9 nominino esclusivamente personale docente reperito in loco, a condizione che esso risieda nel paese in cui prester\u00e0 servizio da almeno un anno. \u00c8 data facolt\u00e0 al MAE di nominare personale docente e amministrativo gi\u00e0 in servizio a t.i. in Italia per ragioni che lo stesso Ministero individuer\u00e0.<\/p>\n<p style=\"text-align: justify;\">Alla luce di quanto sopra detto rischia di cessare di esistere il contingente per la scuola e i corsi italiani all\u2019estero, si violano tutti gli accordi internazionali e bilaterali sottoscritti dall\u2019Italia, si creano i presupposti per la creazione di una condizione di minorit\u00e0 dell\u2019Italia, della sua lingua e cultura nei confronti dei Paesi firmatari degli accordi, e dei paesi terzi, che si avvantaggeranno del vuoto creato dall\u2019adozione di questi severi criteri di spesa.<\/p>\n<p style=\"text-align: justify;\">Infine si violano le norme del Cap. X del vigente CCNL del personale della scuola e si palesa un ulteriore spreco, causato dall\u2019organizzazione delle prove di lingua del dicembre 2011, nei cui confronti lo SNALS-Confsal aveva dichiarato la propria avversit\u00e0 sostenendo che anche il MAE era obbligato a chiedere ai docenti, che volessero insegnare all\u2019estero, l\u2019esibizione della certificazione Europea approvata circa 15 anni fa, e che \u00e8 ormai chiesta da tutte le amministrazioni pubbliche e dalle imprese private.<\/p>\n<p style=\"text-align: justify;\">Sulla qualit\u00e0 dei testi di quelle prove sulle inaccettabili condizioni nelle quali si svolsero non intendiamo far memoria adesso, dal momento che a suo tempo ne parlarono tutti i maggiori quotidiani italiani.<\/p>\n<p style=\"text-align: justify;\">Concludendo, quest\u2019anno saranno nominati solo i docenti richiesti dalle Scuole Europee; tutti gli altri posti disponibili saranno coperti attraverso la mobilit\u00e0 estero per estero, e con la nomina di supplenti a tempo determinato.<\/p>\n<p style=\"text-align: justify;\">In molti casi, come ad esempio per coprire i posti di Lettore, si \u00e8 ricorso alla soppressione di decine di posti e al trasferimento dei docenti alle sedi vacanti.<\/p>\n<p style=\"text-align: justify;\">Che tristezza!<\/p>\n","protected":false},"excerpt":{"rendered":"<p>Il 17\/9 u.s., il MAE \u2013 DGSP Ufficio V &#8211; ha reso noti i Decreti Interministeriali n. 4016 e n. 4017 relativi, rispettivamente, ai posti di contingente dei Dirigenti Scolastici e del personale docente e amministrativo della scuola assegnato alle scuole italiane all\u2019estero e alle universit\u00e0, nonch\u00e9 a tutte le iniziative che hanno lo scopo [&hellip;]<\/p>\n","protected":false},"author":1,"featured_media":0,"comment_status":"closed","ping_status":"closed","sticky":false,"template":"","format":"standard","meta":{"footnotes":""},"categories":[36],"tags":[55,71,66,50],"class_list":["post-3011","post","type-post","status-publish","format-standard","hentry","category-estero","tag-dirigenti-scolastici-2","tag-estero-2","tag-legge","tag-personale-docente-2"],"_links":{"self":[{"href":"https:\/\/www.snalsfrosinone.it\/index.php?rest_route=\/wp\/v2\/posts\/3011","targetHints":{"allow":["GET"]}}],"collection":[{"href":"https:\/\/www.snalsfrosinone.it\/index.php?rest_route=\/wp\/v2\/posts"}],"about":[{"href":"https:\/\/www.snalsfrosinone.it\/index.php?rest_route=\/wp\/v2\/types\/post"}],"author":[{"embeddable":true,"href":"https:\/\/www.snalsfrosinone.it\/index.php?rest_route=\/wp\/v2\/users\/1"}],"replies":[{"embeddable":true,"href":"https:\/\/www.snalsfrosinone.it\/index.php?rest_route=%2Fwp%2Fv2%2Fcomments&post=3011"}],"version-history":[{"count":1,"href":"https:\/\/www.snalsfrosinone.it\/index.php?rest_route=\/wp\/v2\/posts\/3011\/revisions"}],"predecessor-version":[{"id":3012,"href":"https:\/\/www.snalsfrosinone.it\/index.php?rest_route=\/wp\/v2\/posts\/3011\/revisions\/3012"}],"wp:attachment":[{"href":"https:\/\/www.snalsfrosinone.it\/index.php?rest_route=%2Fwp%2Fv2%2Fmedia&parent=3011"}],"wp:term":[{"taxonomy":"category","embeddable":true,"href":"https:\/\/www.snalsfrosinone.it\/index.php?rest_route=%2Fwp%2Fv2%2Fcategories&post=3011"},{"taxonomy":"post_tag","embeddable":true,"href":"https:\/\/www.snalsfrosinone.it\/index.php?rest_route=%2Fwp%2Fv2%2Ftags&post=3011"}],"curies":[{"name":"wp","href":"https:\/\/api.w.org\/{rel}","templated":true}]}}