{"id":3220,"date":"2014-02-08T19:07:21","date_gmt":"2014-02-08T18:07:21","guid":{"rendered":"http:\/\/snalsfrosinone.it\/?p=3220"},"modified":"2014-02-08T19:07:21","modified_gmt":"2014-02-08T18:07:21","slug":"accolto-dal-consiglio-di-stato-il-ricorso-snals-confsal-frosinone","status":"publish","type":"post","link":"https:\/\/www.snalsfrosinone.it\/?p=3220","title":{"rendered":"ACCOLTO DAL CONSIGLIO DI STATO IL RICORSO SNALS CONFSAL FROSINONE"},"content":{"rendered":"<p class=\"MsoNormal\" style=\"text-align: center;margin: 0cm 0cm 0pt\" align=\"center\"><span style=\"font-family: 'Times New Roman','serif';font-size: 12pt\"><span style=\"color: #000000\"><strong>ACCOLTO DAL CONSIGLIO DI STATO IL RICORSO SNALS CONFSAL FROSINONE <\/strong><\/span><\/span><\/p>\n<p class=\"MsoNormal\" style=\"text-align: center;margin: 0cm 0cm 0pt\" align=\"center\">\n<p><span style=\"font-family: 'Times New Roman','serif';font-size: 12pt;font-weight: normal\">\u00a0<\/span><span style=\"font-family: 'Times New Roman','serif';font-size: 12pt\"><span style=\"color: #000000\"><strong>SULLA DECURTAZIONE DEGLI ORGANICI DEI COLLABORATORI SCOLASTICI<\/strong><\/span><\/span><span style=\"font-family: 'Times New Roman','serif';font-size: 12pt;font-weight: normal\"><\/span><\/p>\n<p class=\"MsoNormal\" style=\"text-align: center;margin: 0cm 0cm 0pt\" align=\"center\">\n<p class=\"MsoNormal\" style=\"text-align: center;margin: 0cm 0cm 0pt\" align=\"center\"><span style=\"font-family: 'Times New Roman','serif';font-size: 12pt\"><strong><span style=\"color: #000000\"><span>\u00a0<\/span>IN PROVINCIA<\/span><\/strong><\/span><\/p>\n<p class=\"MsoNormal\" style=\"text-align: center;margin: 0cm 0cm 0pt\" align=\"center\"><span style=\"font-family: 'Times New Roman','serif';font-size: 12pt;font-weight: normal\"><span style=\"color: #000000\">\u00a0<\/span><\/span><\/p>\n<p class=\"MsoNormal\" style=\"text-align: center;margin: 0cm 0cm 0pt\" align=\"center\"><span style=\"font-family: 'Times New Roman','serif';font-size: 12pt;font-weight: normal\"><span style=\"color: #000000\">\u00a0<\/span><\/span><\/p>\n<p class=\"MsoNormal\" style=\"text-align: justify;margin: 0cm 0cm 0pt\"><span style=\"color: #000000\"><span style=\"font-family: 'Times New Roman','serif';font-size: 12pt\"><strong>Frosinone, 5 Febbraio 2014. <\/strong><\/span><span style=\"font-family: 'Times New Roman','serif';font-size: 12pt;font-weight: normal\">Il <\/span><span style=\"font-family: 'Times New Roman','serif';font-size: 12pt\"><strong>Consiglio di Stato ancora una volta dice no alla riduzione degli organici dei collaboratori scolastici nella provincia di Frosinone<\/strong><\/span><span style=\"font-family: 'Times New Roman','serif';font-size: 12pt;font-weight: normal\">. Con ordinanza del 22 Gennaio u.s., il Consiglio di Stato ha accolto le motivazioni dello SNALS-Confsal di Frosinone, gi\u00e0 ampiamente ribadite nella sentenza del TAR Lazio di Luglio 2013, respingendo l\u2019istanza di sospensiva del MIUR sulla questione degli organici dei collaboratori scolastici nella provincia di Frosinone.<\/span><\/span><\/p>\n<p class=\"MsoNormal\" style=\"text-align: justify;margin: 0cm 0cm 0pt\">\n<p class=\"MsoNormal\" style=\"text-align: justify;margin: 0cm 0cm 0pt\"><span style=\"color: #000000\"><span style=\"font-family: 'Times New Roman','serif';font-size: 12pt\"><strong>Il Miur, ormai, non ha pi\u00f9 alibi<\/strong><\/span><span style=\"font-family: 'Times New Roman','serif';font-size: 12pt;font-weight: normal\">: occorre ripristinare da subito i numerosi posti di lavoro sottratti ai tanti collaboratori scolastici della provincia, per effetto di una decurtazione illegittima e ingiustificata, specie in un momento come quello attuale in cui il nuovo appalto di gestione dei servizi esternalizzati trova difficolt\u00e0 nel garantire l\u2019espletamento dei medesimi servizi con grave danno alle scuole e alla popolazione scolastica.\u00a0<span>\u00a0<\/span><\/span><\/span><\/p>\n<p class=\"MsoNormal\" style=\"text-align: justify;margin: 0cm 0cm 0pt\"><span style=\"color: #000000\"><span style=\"font-family: 'Times New Roman','serif';font-size: 12pt;font-weight: normal\"><span>\u00a0<\/span><\/span><\/span><\/p>\n<p class=\"MsoNormal\" style=\"text-align: justify;margin: 0cm 0cm 0pt\"><span style=\"font-family: 'Times New Roman','serif';font-size: 12pt;font-weight: normal\"><span style=\"color: #000000\">Lo SNALS-Confsal di Frosinone auspica che l\u2019amministrazione scolastica rispetti la volont\u00e0 del Consiglio di Stato, gi\u00e0 a partire dagli incontri in calendario sulla revisione delle tabelle degli organici ATA (il prossimo incontro \u00e8 previsto per il giorno 6 Febbraio). In caso contrario, il sindacato continuer\u00e0 a portare avanti le proprie iniziative a garanzia dei servizi di pulizia, di assistenza e di sorveglianza nelle scuole e a tutela dei diritti dei collaboratori scolastici della provincia.<\/span><\/span><\/p>\n<p class=\"MsoNormal\" style=\"text-align: justify;margin: 0cm 0cm 0pt\"><span style=\"font-family: 'Times New Roman','serif';font-size: 12pt;font-weight: normal\"><span style=\"color: #000000\">\u00a0<\/span><\/span><\/p>\n<p class=\"MsoNormal\" style=\"text-align: justify;margin: 0cm 0cm 0pt\"><span style=\"font-family: 'Times New Roman','serif';font-size: 12pt;font-weight: normal\"><span style=\"color: #000000\"><span>\u00a0\u00a0\u00a0\u00a0\u00a0\u00a0\u00a0\u00a0\u00a0\u00a0\u00a0\u00a0\u00a0\u00a0\u00a0\u00a0\u00a0\u00a0\u00a0\u00a0\u00a0\u00a0\u00a0\u00a0\u00a0\u00a0\u00a0\u00a0\u00a0\u00a0\u00a0\u00a0\u00a0\u00a0\u00a0\u00a0\u00a0\u00a0\u00a0\u00a0\u00a0\u00a0\u00a0\u00a0\u00a0\u00a0\u00a0\u00a0\u00a0\u00a0\u00a0\u00a0\u00a0\u00a0\u00a0\u00a0\u00a0\u00a0 <\/span><span>\u00a0\u00a0\u00a0\u00a0\u00a0\u00a0\u00a0\u00a0\u00a0\u00a0\u00a0\u00a0\u00a0\u00a0\u00a0\u00a0\u00a0\u00a0\u00a0\u00a0\u00a0\u00a0\u00a0\u00a0\u00a0\u00a0\u00a0\u00a0\u00a0\u00a0\u00a0\u00a0\u00a0\u00a0 <\/span>Il Segretario Provinciale<\/span><\/span><\/p>\n<p class=\"MsoNormal\" style=\"text-align: justify;text-indent: 35.4pt;margin: 0cm 0cm 0pt\"><span style=\"font-family: 'Times New Roman','serif';font-size: 12pt;font-weight: normal\"><span style=\"color: #000000\"><span>\u00a0\u00a0\u00a0\u00a0\u00a0\u00a0\u00a0\u00a0\u00a0\u00a0\u00a0\u00a0\u00a0\u00a0\u00a0\u00a0\u00a0\u00a0\u00a0\u00a0\u00a0\u00a0\u00a0\u00a0\u00a0\u00a0\u00a0\u00a0\u00a0\u00a0\u00a0\u00a0\u00a0\u00a0\u00a0\u00a0\u00a0\u00a0\u00a0\u00a0\u00a0\u00a0\u00a0\u00a0\u00a0\u00a0\u00a0\u00a0\u00a0\u00a0\u00a0\u00a0\u00a0\u00a0\u00a0\u00a0\u00a0\u00a0\u00a0\u00a0\u00a0\u00a0\u00a0\u00a0\u00a0\u00a0\u00a0\u00a0\u00a0\u00a0 <\/span><span>\u00a0\u00a0\u00a0\u00a0\u00a0\u00a0\u00a0\u00a0\u00a0\u00a0\u00a0\u00a0\u00a0\u00a0 <\/span>Patrizia Ruscillo Pio<\/span><\/span><\/p>\n","protected":false},"excerpt":{"rendered":"<p>ACCOLTO DAL CONSIGLIO DI STATO IL RICORSO SNALS CONFSAL FROSINONE \u00a0SULLA DECURTAZIONE DEGLI ORGANICI DEI COLLABORATORI SCOLASTICI \u00a0IN PROVINCIA \u00a0 \u00a0 Frosinone, 5 Febbraio 2014. Il Consiglio di Stato ancora una volta dice no alla riduzione degli organici dei collaboratori scolastici nella provincia di Frosinone. Con ordinanza del 22 Gennaio u.s., il Consiglio di Stato [&hellip;]<\/p>\n","protected":false},"author":2,"featured_media":0,"comment_status":"closed","ping_status":"closed","sticky":false,"template":"","format":"standard","meta":{"footnotes":""},"categories":[23,13,25],"tags":[68,45,59],"class_list":["post-3220","post","type-post","status-publish","format-standard","hentry","category-comunicati","category-comunicati-stampa","category-personale-a-t-a","tag-comunicati-2","tag-comunicati-stampa-3","tag-segretario-provinciale"],"_links":{"self":[{"href":"https:\/\/www.snalsfrosinone.it\/index.php?rest_route=\/wp\/v2\/posts\/3220","targetHints":{"allow":["GET"]}}],"collection":[{"href":"https:\/\/www.snalsfrosinone.it\/index.php?rest_route=\/wp\/v2\/posts"}],"about":[{"href":"https:\/\/www.snalsfrosinone.it\/index.php?rest_route=\/wp\/v2\/types\/post"}],"author":[{"embeddable":true,"href":"https:\/\/www.snalsfrosinone.it\/index.php?rest_route=\/wp\/v2\/users\/2"}],"replies":[{"embeddable":true,"href":"https:\/\/www.snalsfrosinone.it\/index.php?rest_route=%2Fwp%2Fv2%2Fcomments&post=3220"}],"version-history":[{"count":1,"href":"https:\/\/www.snalsfrosinone.it\/index.php?rest_route=\/wp\/v2\/posts\/3220\/revisions"}],"predecessor-version":[{"id":3221,"href":"https:\/\/www.snalsfrosinone.it\/index.php?rest_route=\/wp\/v2\/posts\/3220\/revisions\/3221"}],"wp:attachment":[{"href":"https:\/\/www.snalsfrosinone.it\/index.php?rest_route=%2Fwp%2Fv2%2Fmedia&parent=3220"}],"wp:term":[{"taxonomy":"category","embeddable":true,"href":"https:\/\/www.snalsfrosinone.it\/index.php?rest_route=%2Fwp%2Fv2%2Fcategories&post=3220"},{"taxonomy":"post_tag","embeddable":true,"href":"https:\/\/www.snalsfrosinone.it\/index.php?rest_route=%2Fwp%2Fv2%2Ftags&post=3220"}],"curies":[{"name":"wp","href":"https:\/\/api.w.org\/{rel}","templated":true}]}}