{"id":3314,"date":"2016-02-10T23:00:01","date_gmt":"2016-02-10T22:00:01","guid":{"rendered":"http:\/\/snalsfrosinone.it\/?p=3314"},"modified":"2016-02-10T23:00:01","modified_gmt":"2016-02-10T22:00:01","slug":"mobilita-scuola-20162017-firmato-il-contratto-rimediati-molti-guasti-della-legge-107-nessun-avallo-alla-chiamata-diretta","status":"publish","type":"post","link":"https:\/\/www.snalsfrosinone.it\/?p=3314","title":{"rendered":"MOBILIT\u00c0 SCUOLA 2016\/2017, FIRMATO IL CONTRATTO. Rimediati molti guasti della legge 107, nessun avallo alla chiamata diretta"},"content":{"rendered":"<div class=\"introArticolo\">10 FEB.&#8217;16 Comunicato unitario &#8211; <i>L&#8217;ipotesi sottoscritta consente di ripristinare e salvaguardare diritti messi fortemente in discussione dalla legge 107, rispetto alla quale peraltro si confermano tutte le iniziative rivolte a ottenerne profonde modifiche.<\/i><\/p>\n<\/div>\n<div class=\" clear\"><\/div>\n<div class=\"testointero nero12\">\n<p><img decoding=\"async\" src=\"http:\/\/www.snals.it\/Gestione\/ImmaginiCaricate\/image\/4_sigle_nuovo(1).jpg\" alt=\"\" \/><\/p>\n<p align=\"center\">\n<p align=\"center\"><strong>MOBILIT\u00c0 SCUOLA 2016\/2017, FIRMATO IL CONTRATTO.<\/strong><\/p>\n<p align=\"center\"><strong>\u00a0RIMEDIATI MOLTI GUASTI DELLA LEGGE 107, NESSUN AVALLO ALLA CHIAMATA DIRETTA<\/strong><\/p>\n<p align=\"center\">\n<p>L\u2019ipotesi del Contratto Collettivo Nazionale Integrativo (CCNI) sulla mobilit\u00e0 dei docenti per l\u2019anno scolastico 2016-2017, firmata oggi da FLC Cgil, CISL Scuola, UIL Scuola e SNALS Confsal, riporta alla naturale sede del negoziato una materia impropriamente collocata nella legge e soprattutto consente di rimediare a molte delle criticit\u00e0 e sperequazioni che la legge stessa ha determinato. La trattativa, pur non potendo essere pienamente risolutiva di tutte le problematiche indotte dalla 107, ha consentito di ottenere importanti risultati: tutto il personale gi\u00e0 in ruolo prima della sua entrata in vigore conserva la titolarit\u00e0 su scuola anche in caso di trasferimento o passaggio in ambito provinciale, e in parte anche in caso di mobilit\u00e0 interprovinciale; assume la titolarit\u00e0 di scuola il personale della secondaria di II grado oggi facente parte della DOS; si rimuove per tutti l&#8217;obbligo di permanenza triennale nella provincia di assunzione; si individuano modalit\u00e0 specifiche per l\u2019accesso alle scuole con carattere di specialit\u00e0 (CPIA, scuole speciali, ecc.).<\/p>\n<p>L\u2019ipotesi sottoscritta consente di ripristinare e salvaguardare diritti messi fortemente in discussione dalla legge 107, rispetto alla quale peraltro si confermano tutte le iniziative rivolte a ottenerne profonde modifiche.<\/p>\n<p>Nessun avallo viene dato dal contratto alla cosiddetta \u201cchiamata diretta\u201d dei docenti, rispetto alla quale tutte le organizzazioni sindacali hanno sempre espresso il loro netto dissenso: al contrario, il passaggio dagli ambiti alle scuole diventa oggetto di un\u2019apposita sequenza contrattuale per regolare le procedure di assegnazione della sede legandole all\u2019applicazione di criteri trasparenti e oggettivi, per titoli, escludendo che le stesse possano essere gestite in modo discrezionale e arbitrario. In pratica si tratta di un ulteriore contratto da sottoscrivere entro 30 giorni dalla stipula del CCNI. Proprio per ribadire il no alla chiamata diretta \u00e8 stata inserita a verbale una dichiarazione in cui le sigle firmatarie indicano gli obiettivi con cui parteciperanno al tavolo della sequenza contrattuale.<\/p>\n<p>Per educatori, docenti IRC e personale Ata non vi sono sostanziali novit\u00e0 e di fatto si confermano le stesse regole degli anni precedenti.<\/p>\n<p>Su alcuni punti, gli ostacoli posti dalle disposizioni della legge 107 si sono rivelati invalicabili, non consentendo di dare le risposte attese a tutti i docenti assunti nelle fasi B e C del piano straordinario. A questo aspetto fa riferimento una seconda dichiarazione a verbale, in cui i sindacati stigmatizzano l\u2019arroccamento dell\u2019Amministrazione su posizioni di rigida applicazione della nuova normativa.<\/p>\n<p>Cambiare quelle disposizioni resta pertanto un obiettivo su cui l\u2019azione sindacale continuer\u00e0 a svilupparsi, ma nello stesso tempo si conferma che molte tutele assicurate dal contratto sarebbero venute a mancare totalmente se una materia delicata e complessa come la mobilit\u00e0 fosse stata consegnata a decisioni unilaterali dell&#8217;amministrazione, dando cos\u00ec campo libero a un&#8217;applicazione piena e incondizionata della legge 107.<\/p>\n<p>&nbsp;<\/p>\n<p>Roma, 10 febbraio 2016<\/p>\n<p>&nbsp;<\/p>\n<table border=\"0\" width=\"570\" cellspacing=\"0\" cellpadding=\"0\" align=\"center\">\n<tbody>\n<tr>\n<td>\n<p align=\"center\"><strong>FLC\u00a0 CGIL<\/strong><br \/>\nDomenico Pantaleo<\/p>\n<\/td>\n<td>\n<p align=\"center\"><strong>CISL\u00a0 Scuola<\/strong><br \/>\nMaddalena Gissi<\/p>\n<\/td>\n<td>\n<p align=\"center\"><strong>UIL\u00a0 Scuola<\/strong><br \/>\nGiuseppe Turi<\/p>\n<\/td>\n<td>\n<p align=\"center\"><strong>SNALS\u00a0 Confsal<\/strong><br \/>\nMarco Paolo Nigi<\/p>\n<\/td>\n<\/tr>\n<\/tbody>\n<\/table>\n<\/div>\n","protected":false},"excerpt":{"rendered":"<p>10 FEB.&#8217;16 Comunicato unitario &#8211; L&#8217;ipotesi sottoscritta consente di ripristinare e salvaguardare diritti messi fortemente in discussione dalla legge 107, rispetto alla quale peraltro si confermano tutte le iniziative rivolte a ottenerne profonde modifiche. MOBILIT\u00c0 SCUOLA 2016\/2017, FIRMATO IL CONTRATTO. \u00a0RIMEDIATI MOLTI GUASTI DELLA LEGGE 107, NESSUN AVALLO ALLA CHIAMATA DIRETTA L\u2019ipotesi del Contratto Collettivo [&hellip;]<\/p>\n","protected":false},"author":2,"featured_media":0,"comment_status":"closed","ping_status":"closed","sticky":false,"template":"","format":"standard","meta":{"footnotes":""},"categories":[23,18],"tags":[49],"class_list":["post-3314","post","type-post","status-publish","format-standard","hentry","category-comunicati","category-mobilita-e-utilizzazioni","tag-mobilita"],"_links":{"self":[{"href":"https:\/\/www.snalsfrosinone.it\/index.php?rest_route=\/wp\/v2\/posts\/3314","targetHints":{"allow":["GET"]}}],"collection":[{"href":"https:\/\/www.snalsfrosinone.it\/index.php?rest_route=\/wp\/v2\/posts"}],"about":[{"href":"https:\/\/www.snalsfrosinone.it\/index.php?rest_route=\/wp\/v2\/types\/post"}],"author":[{"embeddable":true,"href":"https:\/\/www.snalsfrosinone.it\/index.php?rest_route=\/wp\/v2\/users\/2"}],"replies":[{"embeddable":true,"href":"https:\/\/www.snalsfrosinone.it\/index.php?rest_route=%2Fwp%2Fv2%2Fcomments&post=3314"}],"version-history":[{"count":1,"href":"https:\/\/www.snalsfrosinone.it\/index.php?rest_route=\/wp\/v2\/posts\/3314\/revisions"}],"predecessor-version":[{"id":3315,"href":"https:\/\/www.snalsfrosinone.it\/index.php?rest_route=\/wp\/v2\/posts\/3314\/revisions\/3315"}],"wp:attachment":[{"href":"https:\/\/www.snalsfrosinone.it\/index.php?rest_route=%2Fwp%2Fv2%2Fmedia&parent=3314"}],"wp:term":[{"taxonomy":"category","embeddable":true,"href":"https:\/\/www.snalsfrosinone.it\/index.php?rest_route=%2Fwp%2Fv2%2Fcategories&post=3314"},{"taxonomy":"post_tag","embeddable":true,"href":"https:\/\/www.snalsfrosinone.it\/index.php?rest_route=%2Fwp%2Fv2%2Ftags&post=3314"}],"curies":[{"name":"wp","href":"https:\/\/api.w.org\/{rel}","templated":true}]}}