{"id":466,"date":"2011-03-28T21:15:41","date_gmt":"2011-03-28T21:15:41","guid":{"rendered":"http:\/\/snalsfrosinone.it\/?p=466"},"modified":"2011-11-19T12:50:35","modified_gmt":"2011-11-19T11:50:35","slug":"mobilita-rideterminate-le-date-relative-ad-acquisizione-disponibilita-e-pubblicazione-movimenti","status":"publish","type":"post","link":"https:\/\/www.snalsfrosinone.it\/?p=466","title":{"rendered":"Mobilit\u00e0: rideterminate le date relative ad acquisizione disponibilit\u00e0 e pubblicazione movimenti"},"content":{"rendered":"<p style=\"text-align: justify;\">Vi comunichiamo che in data <strong>25 marzo 2011 il MIUR ha emanato la nota 2563<\/strong> avente per oggetto: \u201c<em>Rideterminazione delle date concernenti i termini di acquisizione delle disponibilit\u00e0 e di pubblicazione dei movimenti relativi al personale docente della scuola dell\u2019infanzia, primaria, secondaria di I e II grado, al personale educativo e al personale A.T.A., fissati nell\u2019O.M. n. 16, prot. 1569, del 24 febbraio 2011<\/em>\u201d.<!--more--><\/p>\n<p style=\"text-align: justify;\">Tale nota, che provvediamo ad inserire in area riservata e in internet, in considerazione delle segnalazioni di difficolt\u00e0 ad effettuazione delle attivit\u00e0 necessarie entro i tempi stabiliti, ridefinisce sia le date dei termini di acquisizione delle disponibilit\u00e0 sia quelle di pubblicazione dei movimenti del personale docente della scuola dell\u2019infanzia, primaria, secondaria di I e II grado, del personale educativo e del personale ATA., fissate dall\u2019O.M. n. 16 del 24 febbraio 2011.<\/p>\n<p>Le nuove date sono quelle appresso indicate:<\/p>\n<p>&nbsp;<\/p>\n<p><strong>a) personale docente<\/strong><\/p>\n<p>&nbsp;<\/p>\n<p><em>scuola dell\u2019infanzia<\/em><\/p>\n<p>1 &#8211; termine ultimo comunicazione al SIDI delle domande di mobilit\u00e0 e dei posti disponibili\u00a0\u00a0\u00a0\u00a0\u00a0\u00a0\u00a0\u00a0 3 maggio<\/p>\n<p>2 &#8211; pubblicazione dei movimenti\u00a0\u00a0\u00a0\u00a0\u00a0\u00a0\u00a0\u00a0\u00a0 23 maggio<\/p>\n<p>&nbsp;<\/p>\n<p><em>scuola primaria<\/em><\/p>\n<p>1 &#8211; termine ultimo comunicazione al SIDI delle domande di mobilit\u00e0 e dei posti disponibili\u00a0\u00a0\u00a0\u00a0\u00a0\u00a0\u00a0\u00a0\u00a0 9 aprile<\/p>\n<p>2 &#8211; pubblicazione dei movimenti\u00a0\u00a0\u00a0\u00a0\u00a0\u00a0\u00a0\u00a0\u00a0 5 maggio<\/p>\n<p>&nbsp;<\/p>\n<p><em>scuola secondaria di I grado<\/em><\/p>\n<p>1 &#8211; termine ultimo comunicazione al SIDI delle domande di mobilit\u00e0 e dei posti disponibili\u00a0\u00a0\u00a0\u00a0\u00a0\u00a0\u00a0\u00a0\u00a0 19 maggio<\/p>\n<p>2 &#8211; pubblicazione\u00a0 dei movimenti\u00a0\u00a0\u00a0\u00a0\u00a0\u00a0\u00a0\u00a0\u00a0 14 giugno<\/p>\n<p>&nbsp;<\/p>\n<p><em>scuola secondaria di II grado<\/em><\/p>\n<p>1 &#8211; termine ultimo comunicazione al SIDI delle domande di mobilit\u00e0 e dei posti disponibili\u00a0\u00a0\u00a0\u00a0\u00a0\u00a0\u00a0\u00a0 10 giugno<\/p>\n<p>2 &#8211; pubblicazione\u00a0 dei movimenti\u00a0\u00a0\u00a0\u00a0\u00a0\u00a0\u00a0\u00a0 5 luglio<\/p>\n<p>&nbsp;<\/p>\n<p>&nbsp;<\/p>\n<p>&nbsp;<\/p>\n<p><strong>b) personale educativo<\/strong><\/p>\n<p>&nbsp;<\/p>\n<p>1 &#8211; termine ultimo comunicazione all\u2019ufficio delle domande di mobilit\u00e0 dei posti disponibili\u00a0\u00a0\u00a0\u00a0\u00a0\u00a0\u00a0\u00a0 9 giugno<\/p>\n<p>2 &#8211;\u00a0 pubblicazione\u00a0 dei movimenti\u00a0\u00a0\u00a0\u00a0\u00a0\u00a0\u00a0\u00a0 24 giugno<\/p>\n<p>&nbsp;<\/p>\n<p><strong>c) personale A.T.A.<\/strong><\/p>\n<p>&nbsp;<\/p>\n<p>1 &#8211; termine ultimo comunicazione al SIDI delle domande di mobilit\u00e0 e dei posti disponibili\u00a0\u00a0\u00a0\u00a0\u00a0\u00a0\u00a0\u00a0\u00a0\u00a0 27 giugno<\/p>\n<p>2 &#8211; pubblicazione\u00a0 dei trasferimenti\u00a0\u00a0\u00a0\u00a0\u00a0\u00a0\u00a0\u00a0\u00a0\u00a0 19 luglio<\/p>\n","protected":false},"excerpt":{"rendered":"<p>Vi comunichiamo che in data 25 marzo 2011 il MIUR ha emanato la nota 2563 avente per oggetto: \u201cRideterminazione delle date concernenti i termini di acquisizione delle disponibilit\u00e0 e di pubblicazione dei movimenti relativi al personale docente della scuola dell\u2019infanzia, primaria, secondaria di I e II grado, al personale educativo e al personale A.T.A., fissati [&hellip;]<\/p>\n","protected":false},"author":1,"featured_media":0,"comment_status":"closed","ping_status":"closed","sticky":false,"template":"","format":"standard","meta":{"footnotes":""},"categories":[18],"tags":[68,56,49],"class_list":["post-466","post","type-post","status-publish","format-standard","hentry","category-mobilita-e-utilizzazioni","tag-comunicati-2","tag-miur","tag-mobilita"],"_links":{"self":[{"href":"https:\/\/www.snalsfrosinone.it\/index.php?rest_route=\/wp\/v2\/posts\/466","targetHints":{"allow":["GET"]}}],"collection":[{"href":"https:\/\/www.snalsfrosinone.it\/index.php?rest_route=\/wp\/v2\/posts"}],"about":[{"href":"https:\/\/www.snalsfrosinone.it\/index.php?rest_route=\/wp\/v2\/types\/post"}],"author":[{"embeddable":true,"href":"https:\/\/www.snalsfrosinone.it\/index.php?rest_route=\/wp\/v2\/users\/1"}],"replies":[{"embeddable":true,"href":"https:\/\/www.snalsfrosinone.it\/index.php?rest_route=%2Fwp%2Fv2%2Fcomments&post=466"}],"version-history":[{"count":7,"href":"https:\/\/www.snalsfrosinone.it\/index.php?rest_route=\/wp\/v2\/posts\/466\/revisions"}],"predecessor-version":[{"id":469,"href":"https:\/\/www.snalsfrosinone.it\/index.php?rest_route=\/wp\/v2\/posts\/466\/revisions\/469"}],"wp:attachment":[{"href":"https:\/\/www.snalsfrosinone.it\/index.php?rest_route=%2Fwp%2Fv2%2Fmedia&parent=466"}],"wp:term":[{"taxonomy":"category","embeddable":true,"href":"https:\/\/www.snalsfrosinone.it\/index.php?rest_route=%2Fwp%2Fv2%2Fcategories&post=466"},{"taxonomy":"post_tag","embeddable":true,"href":"https:\/\/www.snalsfrosinone.it\/index.php?rest_route=%2Fwp%2Fv2%2Ftags&post=466"}],"curies":[{"name":"wp","href":"https:\/\/api.w.org\/{rel}","templated":true}]}}