{"id":479,"date":"2011-03-29T12:49:01","date_gmt":"2011-03-29T12:49:01","guid":{"rendered":"http:\/\/snalsfrosinone.it\/?p=479"},"modified":"2011-11-19T14:56:29","modified_gmt":"2011-11-19T13:56:29","slug":"o-m-mobilita-del-personale-docente-di-religione-cattolica","status":"publish","type":"post","link":"https:\/\/www.snalsfrosinone.it\/?p=479","title":{"rendered":"O.M. Mobilit\u00e0 del personale docente di religione cattolica"},"content":{"rendered":"<p style=\"text-align: justify;\">Nella mattinata di oggi si \u00e8 tenuta al MIUR una riunione quale informativa sulla O.M. per la mobilit\u00e0 del personale docente di religione cattolica a.s. 2011\/2012.<\/p>\n<p style=\"text-align: justify;\">L\u2019Amministrazione era rappresentata dal Direttore Generale, dott. Luciano Chiappetta e dalla dott.ssa Maria Assunta Palermo; lo SNALS-Confsal da Giuseppina Di Giacomo.<!--more--><\/p>\n<p style=\"text-align: justify;\">Le date previste dalla O.M., che sar\u00e0 quanto prima sottoposta alla firma del Ministro, prevedono:<\/p>\n<p style=\"text-align: justify;\">&#8211;\u00a0\u00a0\u00a0\u00a0\u00a0\u00a0 la presentazione delle domande di mobilit\u00e0 nel periodo compreso tra il 13 aprile e il 12 maggio 2011;<\/p>\n<p style=\"text-align: justify;\">&#8211;\u00a0\u00a0\u00a0\u00a0\u00a0\u00a0 termine ultimo per la eventuale revoca delle domande al 30 giugno 2011;<\/p>\n<p style=\"text-align: justify;\">&#8211;\u00a0\u00a0\u00a0\u00a0\u00a0\u00a0 pubblicazione dei movimenti al 15 luglio 2011.<\/p>\n<p style=\"text-align: justify;\">Le domande saranno prodotte in cartaceo, corredate della relativa documentazione, ed inviate per il tramite gerarchico all\u2019U.S.R. della regione di titolarit\u00e0.<\/p>\n<p style=\"text-align: justify;\">L\u2019Amministrazione ha comunicato di aver accolto alcune delle osservazioni formulate dalle organizzazioni sindacali, ma ha precisato di non poter accogliere la richiesta formulata, nella precedente riunione, dalle OO.SS. di lasciare all\u2019art. 1 dell\u2019O.M. la dizione, gi\u00e0 prevista per lo scorso anno, \u201cal momento della prima assunzione\u201d nella parte relativa all\u2019intesa raggiunta tra il direttore dell\u2019U.S.R. e l\u2019ordinario diocesano competente. A parte la cancellazione della sola dizione \u201cal momento della prima assunzione\u201d, tutto il resto dell\u2019art. 1 conferma quello dell\u2019O.M. n. 29\/2010, relativo alla mobilit\u00e0 del personale docente di religione cattolica, con gli ovvi aggiornamenti di date sia in questo articolo che negli altri.<\/p>\n<p style=\"text-align: justify;\">Vi forniremo un commento pi\u00f9 dettagliato non appena il Ministro avr\u00e0 firmato la O.M. e saremo in possesso della copia ufficiale, che abbiamo gi\u00e0 richiesto di ricevere con il carattere \u201cgrassetto\u201d, relativamente alle modifiche apportate rispetto alla O.M. n. 29.<\/p>\n","protected":false},"excerpt":{"rendered":"<p>Nella mattinata di oggi si \u00e8 tenuta al MIUR una riunione quale informativa sulla O.M. per la mobilit\u00e0 del personale docente di religione cattolica a.s. 2011\/2012. L\u2019Amministrazione era rappresentata dal Direttore Generale, dott. Luciano Chiappetta e dalla dott.ssa Maria Assunta Palermo; lo SNALS-Confsal da Giuseppina Di Giacomo.<\/p>\n","protected":false},"author":1,"featured_media":0,"comment_status":"closed","ping_status":"closed","sticky":false,"template":"","format":"standard","meta":{"footnotes":""},"categories":[18],"tags":[56,49],"class_list":["post-479","post","type-post","status-publish","format-standard","hentry","category-mobilita-e-utilizzazioni","tag-miur","tag-mobilita"],"_links":{"self":[{"href":"https:\/\/www.snalsfrosinone.it\/index.php?rest_route=\/wp\/v2\/posts\/479","targetHints":{"allow":["GET"]}}],"collection":[{"href":"https:\/\/www.snalsfrosinone.it\/index.php?rest_route=\/wp\/v2\/posts"}],"about":[{"href":"https:\/\/www.snalsfrosinone.it\/index.php?rest_route=\/wp\/v2\/types\/post"}],"author":[{"embeddable":true,"href":"https:\/\/www.snalsfrosinone.it\/index.php?rest_route=\/wp\/v2\/users\/1"}],"replies":[{"embeddable":true,"href":"https:\/\/www.snalsfrosinone.it\/index.php?rest_route=%2Fwp%2Fv2%2Fcomments&post=479"}],"version-history":[{"count":5,"href":"https:\/\/www.snalsfrosinone.it\/index.php?rest_route=\/wp\/v2\/posts\/479\/revisions"}],"predecessor-version":[{"id":1538,"href":"https:\/\/www.snalsfrosinone.it\/index.php?rest_route=\/wp\/v2\/posts\/479\/revisions\/1538"}],"wp:attachment":[{"href":"https:\/\/www.snalsfrosinone.it\/index.php?rest_route=%2Fwp%2Fv2%2Fmedia&parent=479"}],"wp:term":[{"taxonomy":"category","embeddable":true,"href":"https:\/\/www.snalsfrosinone.it\/index.php?rest_route=%2Fwp%2Fv2%2Fcategories&post=479"},{"taxonomy":"post_tag","embeddable":true,"href":"https:\/\/www.snalsfrosinone.it\/index.php?rest_route=%2Fwp%2Fv2%2Ftags&post=479"}],"curies":[{"name":"wp","href":"https:\/\/api.w.org\/{rel}","templated":true}]}}