{"id":502,"date":"2011-03-24T21:43:45","date_gmt":"2011-03-24T21:43:45","guid":{"rendered":"http:\/\/snalsfrosinone.it\/?p=502"},"modified":"2011-11-19T12:41:28","modified_gmt":"2011-11-19T11:41:28","slug":"sciogliere-i-nodi-delle-politiche-del-personale-organico-funzionale-e-formazione-in-servizio-reclutamento-e-contratti","status":"publish","type":"post","link":"https:\/\/www.snalsfrosinone.it\/?p=502","title":{"rendered":"Sciogliere i nodi delle politiche del personale, organico funzionale e formazione in servizio&#8230;"},"content":{"rendered":"<p style=\"text-align: justify;\"><em>Consiglio Nazionale SNALS-Confsal 21-24 marzo 2011: Mozione finale<\/em><\/p>\n<p style=\"text-align: justify;\">Trascriviamo la <strong>Mozione finale<\/strong> del Consiglio Nazionale SNALS-Confsal svoltosi a Berlino nei giorni 21\/24 marzo scorsi:<\/p>\n<p style=\"text-align: justify;\"><strong>MOZIONE FINALE<\/strong><\/p>\n<p style=\"text-align: justify;\"><strong>Il Consiglio Nazionale dello SNALS-Confsal, <\/strong>riunitosi a BERLINO (Germania) nei giorni 21-22-23-24 marzo 2011, <strong>ascoltata<\/strong> la relazione del Segretario Generale, Marco Paolo Nigi, sulle politiche del personale dei settori dell\u2019istruzione, della formazione, dell\u2019universit\u00e0 e della ricerca, sulla complessiva strategia politica e sui processi organizzativi del sindacato, in correlazione all\u2019attuale situazione economica e sociale del Paese e al quadro internazionale<\/p>\n<p style=\"text-align: justify;\"><strong>l\u2019<\/strong><strong>approva<\/strong>.<!--more--><\/p>\n<p style=\"text-align: justify;\">Il <strong>Consiglio Nazionale <\/strong>considera prioritaria la soluzione dei nodi relativi alle politiche del personale per rendere concretamente effettivo il raggiungimento degli obiettivi di qualit\u00e0 della scuola, lo sviluppo delle competenze, il rilancio dell\u2019innovazione, della competitivit\u00e0 e dell\u2019equit\u00e0 sociale, per dare futuro ai giovani.<\/p>\n<p style=\"text-align: justify;\">Il <strong>Consiglio Nazionale <\/strong>apprezza il richiamo del Segretario Generale ai 150 anni dell\u2019Unit\u00e0 d\u2019Italia, poich\u00e9 la scuola con i suoi insegnanti, pi\u00f9 di ogni altra istituzione, ha contribuito al formarsi della nostra nazione, come coscienza comune, come condivisione di lingua e di memoria, come strumento per garantire la democrazia, l\u2019esercizio della cittadinanza, la partecipazione attiva alla vita sociale e politica.<\/p>\n<p style=\"text-align: justify;\">Proprio per l\u2019importanza che riveste l\u2019istruzione e la cultura, che sono poste dall\u2019attuale societ\u00e0 dinanzi a nuove e pi\u00f9 impegnative sfide, ad essa dovrebbero essere riservate significative risorse, decisioni coerenti e una gestione concretamente attenta agli strumenti, ai tempi e ai modi di attuazione dei cambiamenti, alle condizioni reali delle scuole e, quindi, delle persone che in esse devono prestare il loro lavoro.<\/p>\n<p style=\"text-align: justify;\">Il <strong>Consiglio Nazionale, <\/strong>nel<strong> <\/strong>sottolineare la coerenza della linea politico-sindacale adottata, d\u00e0 pieno atto degli esiti positivi della strategia dello SNALS-Confsal, in particolare rispetto:<\/p>\n<ul style=\"text-align: justify;\">\n<li><em>al<\/em><em> ripristino degli scatti di anzianit\u00e0<\/em>, nonostante il blocco dei CCNL per il triennio 2010-2012, con il riconoscimento della validit\u00e0, economica e giuridica, del servizio che sar\u00e0 maturato nel triennio e che gi\u00e0 ha visto per il 2010 il riconoscimento di tale diritto; cos\u00ec come ribadito dal Decreto Interministeriale del 14 gennaio \u00e8 reso, infatti, strutturale il prioritario impegno del 30% delle economie sul recupero degli scatti di anzianit\u00e0,<\/li>\n<li><em>alla<\/em><em> difesa<\/em> <em>della contrattazione<\/em> <em>e alla validit\u00e0 della<\/em><strong> <\/strong><em>contrattazione integrativa di istituto<\/em>, rafforzata dall\u2019Intesa del 4 febbraio sottoscritta dalla CONFSAL che ha ribadito il mantenimento della retribuzione fondamentale e accessoria, la destinazione all\u2019accessorio delle risorse aggiuntive derivanti dal <em>\u201cdividendo dell\u2019efficienza\u201d<\/em>, la valorizzazione delle relazioni sindacali;<\/li>\n<li><em>al<\/em><em> riconoscimento della complessit\u00e0 della scuola e la specificit\u00e0 dei settori dell\u2019istruzione e della formazione<\/em>, in particolare del personale educativo, docente e dell\u2019AFAM e dei tecnologi e ricercatori rispetto alla misurazione e al merito previsti dal d.lgs. 150\/2009.<\/li>\n<\/ul>\n<p style=\"text-align: justify;\">Il <strong>Consiglio Nazionale<\/strong>, per quanto riguarda la <em>carriera dei docenti e la valorizzazione professionale di tutto il personale della scuola<\/em>, ribadisce che la sede \u201cnaturale\u201d per una sua ridefinizione deve essere il CCNL 2013-2015, a fronte di risorse aggiuntive e certe. Dovr\u00e0, comunque, essere salvaguardata la progressione economica legata all\u2019anzianit\u00e0 di servizio, valorizzato il maggiore impegno richiesto dalla scuola dell\u2019autonomia, raggiunto un adeguamento delle retribuzioni con un accorciamento dei tempi della progressione economica in linea con i principali Paesi dell\u2019eurozona.<\/p>\n<p style=\"text-align: justify;\">Il <strong>Consiglio Nazionale, <\/strong>relativamente alla <em>formazione in servizio e alla valutazione<\/em>, denuncia lo scarso coinvolgimento del personale, anche sulle ipotesi sperimentali di valutazione delle scuole e di singoli insegnanti; auspica che ci\u00f2 possa avvenire in tempi rapidi per dotare l\u2019Italia di un <em>sistema nazionale di valutazione <\/em>nell\u2019ottica del sostegno al lavoro e alla professionalit\u00e0 dei docenti, al miglioramento della didattica e degli esiti di apprendimento degli studenti.<\/p>\n<p style=\"text-align: justify;\">Il <strong>Consiglio Nazionale <\/strong>ribadisce<strong> <\/strong>che la scuola non pu\u00f2 essere oggetto di tagli senza parametri e criteri e di una riorganizzazione che non garantisca la funzionalit\u00e0 e la qualit\u00e0 dei servizi.<\/p>\n<p style=\"text-align: justify;\">Il <strong>Consiglio Nazionale<\/strong> d\u00e0 atto della determinata azione di contrasto alla politica dei tagli lineari e degli importanti risultati che hanno sottolineato la fondatezza della posizione dello SNALS-Confsal, che ha intrapreso anche decise azioni legali in particolare contro le riduzioni orarie delle classi intermedie degli istituti tecnici e professionali e contro le riduzioni dell\u2019organico del personale ATA.<\/p>\n<p style=\"text-align: justify;\">Il <strong>Consiglio Nazionale<\/strong> fa proprie le approfondite considerazioni svolte nella relazione del Segretario Generale, sulla questione del <em>reclutamento dei dirigenti scolastici<\/em> e delle future modalit\u00e0 di <em>selezione del personale docente<\/em> e indica come prioritario l\u2019obiettivo della costituzione dell\u2019<em>organico funzionale d\u2019istituto e di organici pluriennali<\/em> che possono garantire stabilit\u00e0, continuit\u00e0 e congruit\u00e0 di risorse.<\/p>\n<p style=\"text-align: justify;\">Una stabilit\u00e0 che deve essere garantita da una progressiva, ma da subito consistente, riduzione del precariato, attraverso almeno 30.000 assunzioni di docenti e almeno la copertura del <em>turnover<\/em> per il personale ATA nel prossimo anno scolastico.<\/p>\n<p style=\"text-align: justify;\">Il dibattito in seno al <strong>Consiglio Nazionale<\/strong>, ha registrato costruttive proposte e ampie convergenze nel ritenere che la <em>piattaforma politico-sindacale<\/em> e lo sviluppo di <em>servizi innovativi<\/em> a tutela degli interessi dei lavoratori, in servizio e in pensione, sono gli indispensabili presupposti per affrontare positivamente la prossima tornata elettorale per il rinnovo delle <em>Rappresentanze Sindacali Unitarie. <\/em>A tal fine la Segreteria Generale \u00e8 sollecitata a diffondere la relazione del Segretario, da integrare con gli ulteriori temi emersi, in un\u2019apposita pubblicazione.<\/p>\n<p style=\"text-align: justify;\">Il <strong>Consiglio Nazionale<\/strong>, inoltre, sollecita la CONFSAL a portare avanti, in sede di negoziato all\u2019ARAN, la proposta di un <em>unico comparto per scuola, universit\u00e0, ricerca e AFAM<\/em> per meglio salvaguardare la specificit\u00e0 e l\u2019autonomia di questi settori e le condizioni lavorative del loro personale che sono al servizio della collettivit\u00e0 nazionale.<\/p>\n","protected":false},"excerpt":{"rendered":"<p>Consiglio Nazionale SNALS-Confsal 21-24 marzo 2011: Mozione finale Trascriviamo la Mozione finale del Consiglio Nazionale SNALS-Confsal svoltosi a Berlino nei giorni 21\/24 marzo scorsi: MOZIONE FINALE Il Consiglio Nazionale dello SNALS-Confsal, riunitosi a BERLINO (Germania) nei giorni 21-22-23-24 marzo 2011, ascoltata la relazione del Segretario Generale, Marco Paolo Nigi, sulle politiche del personale dei settori [&hellip;]<\/p>\n","protected":false},"author":1,"featured_media":0,"comment_status":"closed","ping_status":"closed","sticky":false,"template":"","format":"standard","meta":{"footnotes":""},"categories":[23],"tags":[68,58],"class_list":["post-502","post","type-post","status-publish","format-standard","hentry","category-comunicati","tag-comunicati-2","tag-segretario-generale"],"_links":{"self":[{"href":"https:\/\/www.snalsfrosinone.it\/index.php?rest_route=\/wp\/v2\/posts\/502","targetHints":{"allow":["GET"]}}],"collection":[{"href":"https:\/\/www.snalsfrosinone.it\/index.php?rest_route=\/wp\/v2\/posts"}],"about":[{"href":"https:\/\/www.snalsfrosinone.it\/index.php?rest_route=\/wp\/v2\/types\/post"}],"author":[{"embeddable":true,"href":"https:\/\/www.snalsfrosinone.it\/index.php?rest_route=\/wp\/v2\/users\/1"}],"replies":[{"embeddable":true,"href":"https:\/\/www.snalsfrosinone.it\/index.php?rest_route=%2Fwp%2Fv2%2Fcomments&post=502"}],"version-history":[{"count":7,"href":"https:\/\/www.snalsfrosinone.it\/index.php?rest_route=\/wp\/v2\/posts\/502\/revisions"}],"predecessor-version":[{"id":1532,"href":"https:\/\/www.snalsfrosinone.it\/index.php?rest_route=\/wp\/v2\/posts\/502\/revisions\/1532"}],"wp:attachment":[{"href":"https:\/\/www.snalsfrosinone.it\/index.php?rest_route=%2Fwp%2Fv2%2Fmedia&parent=502"}],"wp:term":[{"taxonomy":"category","embeddable":true,"href":"https:\/\/www.snalsfrosinone.it\/index.php?rest_route=%2Fwp%2Fv2%2Fcategories&post=502"},{"taxonomy":"post_tag","embeddable":true,"href":"https:\/\/www.snalsfrosinone.it\/index.php?rest_route=%2Fwp%2Fv2%2Ftags&post=502"}],"curies":[{"name":"wp","href":"https:\/\/api.w.org\/{rel}","templated":true}]}}