{"id":522,"date":"2011-04-05T12:47:05","date_gmt":"2011-04-05T12:47:05","guid":{"rendered":"http:\/\/snalsfrosinone.it\/?p=522"},"modified":"2011-11-19T15:07:15","modified_gmt":"2011-11-19T14:07:15","slug":"precari-nigi-chiede-alla-gelmini-un-provvedimento-salvaprecari","status":"publish","type":"post","link":"https:\/\/www.snalsfrosinone.it\/?p=522","title":{"rendered":"Precari: Nigi chiede alla Gelmini un provvedimento &#8220;salvaprecari&#8221;"},"content":{"rendered":"<p>Trascriviamo, di seguito, la nota inviata dal Segretario Generale al Ministro Gelmini questa mattina. Le stesse preoccupazioni sono state espresse dallo SNALS-Confsal nel <strong>comunicato stampa<\/strong> diramato questa mattina. <!--more--><\/p>\n<p>&nbsp;<\/p>\n<p>&nbsp;<\/p>\n<p><span style=\"color: #000000;\"><strong><em>Nota al Ministro Gelmini<\/em><\/strong><\/span><\/p>\n<p>&nbsp;<\/p>\n<p><span style=\"color: #000000;\"><em>Roma, 5 aprile 2011 <\/em><\/span><\/p>\n<p>&nbsp;<\/p>\n<p>&nbsp;<\/p>\n<p style=\"text-align: right;\"><span style=\"color: #000000;\">Preg.mo Onorevole<\/span><\/p>\n<p style=\"text-align: right;\"><span style=\"color: #000000;\">Mariastella GELMINI<\/span><\/p>\n<p style=\"text-align: right;\"><span style=\"color: #000000;\">Ministro dell\u2019Istruzione, Universit\u00e0 e Ricerca<\/span><\/p>\n<p style=\"text-align: right;\"><span style=\"color: #000000;\">R O M A<\/span><\/p>\n<p>&nbsp;<\/p>\n<p>&nbsp;<\/p>\n<p><span style=\"color: #000000;\">On.le Ministro,<\/span><\/p>\n<p style=\"text-align: justify;\"><span style=\"color: #000000;\">la scrivente organizzazione sindacale SNALS-Confsal esprime viva preoccupazione per il mancato inserimento nel recente \u201cmilleproroghe\u201d, approvato dal Parlamento, di una norma che estenda per il futuro i benefici previsti dal provvedimento cosiddetto \u201csalvaprecari\u201d, largamente condiviso e appoggiato dallo SNALS-Confsal.<\/span><\/p>\n<p style=\"text-align: justify;\"><span style=\"color: #000000;\">La ristrettezza dei tempi impone che un analogo provvedimento venga adottato tempestivamente perch\u00e9 possa produrre efficacia a partire dall\u2019inizio del prossimo anno scolastico.<\/span><\/p>\n<p style=\"text-align: justify;\"><span style=\"color: #000000;\">Un nuovo \u201csalvaprecari\u201d \u00e8 indispensabile per garantire la tutela del personale e per dare continuit\u00e0 ai progetti gi\u00e0 in corso con l\u2019obiettivo, e questo \u00e8 il nostro auspicio, di ampliarne la portata su tutto il territorio nazionale.<\/span><\/p>\n<p style=\"text-align: justify;\"><span style=\"color: #000000;\">Con la presente, a nome dello SNALS-Confsal, chiedo all\u2019onorevole S.V. di predisporre, di concerto con i ministri competenti, un nuovo provvedimento \u201csalvaprecari\u201d, analogo a quello attualmente in atto, da portare quanto prima all\u2019esame e all\u2019approvazione del Parlamento.<\/span><\/p>\n<p style=\"text-align: justify;\"><span style=\"color: #000000;\">Certo di una Sua positiva valutazione della proposta dello SNALS-Confsal, colgo l\u2019occasione per inviarle distinti ossequi.<\/span><\/p>\n<p>&nbsp;<\/p>\n<p><span style=\"color: #000000;\">Il Segretario Generale<\/span><\/p>\n<p><span style=\"color: #000000;\">(Marco Paolo Nigi)<\/span><\/p>\n","protected":false},"excerpt":{"rendered":"<p>Trascriviamo, di seguito, la nota inviata dal Segretario Generale al Ministro Gelmini questa mattina. Le stesse preoccupazioni sono state espresse dallo SNALS-Confsal nel comunicato stampa diramato questa mattina.<\/p>\n","protected":false},"author":1,"featured_media":0,"comment_status":"closed","ping_status":"closed","sticky":false,"template":"","format":"standard","meta":{"footnotes":""},"categories":[13],"tags":[45,47,58],"class_list":["post-522","post","type-post","status-publish","format-standard","hentry","category-comunicati-stampa","tag-comunicati-stampa-3","tag-precariato-2","tag-segretario-generale"],"_links":{"self":[{"href":"https:\/\/www.snalsfrosinone.it\/index.php?rest_route=\/wp\/v2\/posts\/522","targetHints":{"allow":["GET"]}}],"collection":[{"href":"https:\/\/www.snalsfrosinone.it\/index.php?rest_route=\/wp\/v2\/posts"}],"about":[{"href":"https:\/\/www.snalsfrosinone.it\/index.php?rest_route=\/wp\/v2\/types\/post"}],"author":[{"embeddable":true,"href":"https:\/\/www.snalsfrosinone.it\/index.php?rest_route=\/wp\/v2\/users\/1"}],"replies":[{"embeddable":true,"href":"https:\/\/www.snalsfrosinone.it\/index.php?rest_route=%2Fwp%2Fv2%2Fcomments&post=522"}],"version-history":[{"count":5,"href":"https:\/\/www.snalsfrosinone.it\/index.php?rest_route=\/wp\/v2\/posts\/522\/revisions"}],"predecessor-version":[{"id":1545,"href":"https:\/\/www.snalsfrosinone.it\/index.php?rest_route=\/wp\/v2\/posts\/522\/revisions\/1545"}],"wp:attachment":[{"href":"https:\/\/www.snalsfrosinone.it\/index.php?rest_route=%2Fwp%2Fv2%2Fmedia&parent=522"}],"wp:term":[{"taxonomy":"category","embeddable":true,"href":"https:\/\/www.snalsfrosinone.it\/index.php?rest_route=%2Fwp%2Fv2%2Fcategories&post=522"},{"taxonomy":"post_tag","embeddable":true,"href":"https:\/\/www.snalsfrosinone.it\/index.php?rest_route=%2Fwp%2Fv2%2Ftags&post=522"}],"curies":[{"name":"wp","href":"https:\/\/api.w.org\/{rel}","templated":true}]}}