{"id":638,"date":"2011-04-21T12:11:36","date_gmt":"2011-04-21T10:11:36","guid":{"rendered":"http:\/\/snalsfrosinone.it\/?p=638"},"modified":"2011-11-19T15:40:16","modified_gmt":"2011-11-19T14:40:16","slug":"incontro-al-miur","status":"publish","type":"post","link":"https:\/\/www.snalsfrosinone.it\/?p=638","title":{"rendered":"Incontro al MIUR"},"content":{"rendered":"<p><strong><em>Incontro al Miur sul tema del precariato e delle graduatorie ad esaurimento<!--more--><\/em><\/strong><\/p>\n<p><strong><em>Comunicato stampa<\/em><\/strong><\/p>\n<p>&nbsp;<\/p>\n<p>Si \u00e8 svolto il programmato incontro che ha trattato sostanzialmente due tematiche che si intersecano:<\/p>\n<ul>\n<li>una amministrativa (D.M. per l\u2019aggiornamento delle graduatorie ad esaurimento);<\/li>\n<li style=\"text-align: justify;\">una legislativa ipotizzata, probabile ma non certa, (D.L. per il piano pluriennale di nomine in ruolo e per le future graduatorie per cui \u00e8 ipotizzata la durata triennale nonch\u00e9 il vincolo di \u201ceffettivo servizio\u201d nella provincia per un quinquennio dalla nomina in ruolo).<\/li>\n<\/ul>\n<p style=\"text-align: justify;\">La posizione del MIUR \u00e8 stata presentata dal Direttore dott. Chiappetta che ha fatto una premessa sulla situazione attuale alla luce dell\u2019intervento del \u201cCommissario ad acta\u201d. A riguardo ha riferito che:<\/p>\n<ul>\n<li>l\u2019Amministrazione non pu\u00f2 n\u00e9 deve interferire sulla attivit\u00e0 del Commissario perch\u00e9 questi si assume la responsabilit\u00e0 di ogni atto che compie in quanto interprete della volont\u00e0 del Giudice;<\/li>\n<\/ul>\n<ul>\n<li style=\"text-align: justify;\">\u00e8 stata richiesta la revoca del commissariamento, non per opposizione, ma come applicazione delle declaratorie dello stesso Giudice del TAR su analoghi ricorsi ove si \u00e8 dichiarato incompetente alla luce della Sentenza delle Sezioni riunite della Cassazione, in quanto trattasi di materia di competenza del Giudice ordinario;<\/li>\n<\/ul>\n<ul>\n<li style=\"text-align: justify;\">l\u2019inserimento a pettine agisce cautelarmente e chi ne beneficia deve ricorrere al Giudice ordinario per ottenere l\u2019effettivit\u00e0 e l\u2019esecutivit\u00e0 del provvedimento di inserimento, che \u00e8 meramente cautelare e che, di per s\u00e9, non produce alcun diritto alla nomina;<\/li>\n<\/ul>\n<ul>\n<li style=\"text-align: justify;\">in conseguenza di quanto sopra, la modifica cautelare delle graduatorie non produce alcun effetto su chi ha fruito delle graduatorie sia di nomina a t.i. che a t.d. con l\u2019utilizzo delle stesse.<\/li>\n<\/ul>\n<p>&nbsp;<\/p>\n<p><em>DECRETO MINISTERIALE PER L\u2019AGGIORNAMENTO DELLE GRADUATORIE AD ESAURIMENTO:<\/em><\/p>\n<p style=\"text-align: justify;\">Si tratta di un testo molto scarno al fine di consentirne l\u2019utilizzo senza modifiche, a seguito degli eventuali interventi legislativi sulla durata delle graduatorie e sui vincoli di permanenza sulla sede di nomina del personale.<\/p>\n<p style=\"text-align: justify;\">A seguito di parere dell\u2019Avvocatura di Stato, che ha affermato che con un provvedimento amministrativo non era legittimo e possibile vincolare la permanenza nella provincia di inserimento dei docenti in quanto si sarebbe &#8211; senza supporto di una norma primaria (legge) &#8211; illegittimamente limitata la mobilit\u00e0 sul territorio nazionale dei lavoratori, i rappresentanti del MIUR hanno illustrato i contenuti del D.M. che prevede:<\/p>\n<ol>\n<li>l\u2019aggiornamento dei punteggi secondo le stesse tabelle gi\u00e0 utilizzate nell\u2019ultimo biennio ;<\/li>\n<li style=\"text-align: justify;\">l\u2019inserimento in una sola provincia, a libera scelta del docente. Tale provincia sostituisce completamente la provincia o le provincie di inserimento\u00a0 nel biennio 2009\/11.<\/li>\n<\/ol>\n<p>&nbsp;<\/p>\n<p>&nbsp;<\/p>\n<p><em>CONTENUTI DELLL\u2019IPOTIZZATO INTERVENTO LEGISLATIVO:<\/em><\/p>\n<p><span style=\"text-decoration: underline;\">In relazione alle graduatorie ad esaurimento<\/span> si dovrebbe prevedere:<\/p>\n<ul>\n<li>l\u2019allungamento della loro durata, attualmente sono biennali, ad un triennio;<\/li>\n<li>l\u2019obbligo di permanenza per un quinquennio di \u201ceffettivo servizio\u201d dopo la nomina in ruolo nella provincia;<\/li>\n<li>spostamento permanente del termine delle operazioni di nomina dal 31 luglio al 31 agosto.<\/li>\n<\/ul>\n<p style=\"text-align: justify;\">Quanto sopra, secondo quanto illustrato dai rappresentanti dell\u2019Amministrazione, dovrebbe servire sia per dare una risposta alle legittime aspettative dei docenti in relazione alla provincia in cui\u00a0 hanno lavorato in questi anni, sia a garantire una ragionevole continuit\u00e0 di servizio a tutela degli allievi.<\/p>\n<p style=\"text-align: justify;\"><span style=\"text-decoration: underline;\">In relazione alle nomine in ruolo<\/span> si dovrebbe prevedere la copertura di tutti i posti annualmente disponibili e vacanti secondo un piano pluriennale di cui non \u00e8 stato precisato quali saranno le decorrenze dei diversi scaglioni di nomina.<\/p>\n<p>&nbsp;<\/p>\n<p style=\"text-align: justify;\">Una bozza del D.M., aggiornata alla luce della discussione odierna, sar\u00e0\u00a0 inviata alle OO.SS. nella giornata di marted\u00ec in vista di una convocazione finale ipotizzata per gioved\u00ec 28.<\/p>\n<p>&nbsp;<\/p>\n<p style=\"text-align: justify;\">Nel corso della riunione il Direttore Chiappetta ha, altres\u00ec, precisato che per quanto riguarda la scelta per le supplenze temporanee rimarr\u00e0 libera e indipendente dalla provincia in cui si chiede l\u2019inclusione nelle graduatorie ad esaurimento\u00a0 con ovvia conferma del regolamento delle supplenze vigente.<\/p>\n<p>&nbsp;<\/p>\n<p style=\"text-align: justify;\"><strong>La delegazione dello SNALS-CONFSAL\u00a0 ha assunto la posizione che, in estrema sintesi,\u00a0 potete leggere nel comunicato stampa, inserito sul sito e che di seguito riportiamo:<\/strong><\/p>\n<p>&nbsp;<\/p>\n<p>&nbsp;<\/p>\n<p>PRECARIATO NELLA SCUOLA: INCONTRO MIUR- SINDACATI<\/p>\n<p>&nbsp;<\/p>\n<p style=\"text-align: justify;\"><strong>SNALS-CONFSAL: SERVE UN INTERVENTO LEGISLATIVO PER LE IMMISSIONI IN RUOLO DI DOCENTI E ATA CON DECORRENZA IMMEDIATA SU TUTTI I POSTI DISPONIBILI E VACANTI<\/strong><\/p>\n<p>&nbsp;<\/p>\n<p>&nbsp;<\/p>\n<p style=\"text-align: justify;\"><strong>Roma, 21 aprile<\/strong>. Per quanto riguarda la spinosa questione <strong>dell\u2019aggiornamento delle \u201cgraduatorie a esaurimento\u201d per il personale docente<\/strong>, lo SNALS-CONFSAL\u00a0 prende atto, in assenza di atti legislativi, della decisione dell\u2019amministrazione di consentire agli interessati di spostarsi sul territorio ma con l\u2019inserimento in una sola provincia.<\/p>\n<p>&nbsp;<\/p>\n<p style=\"text-align: justify;\">Nell\u2019incontro il sindacato ha rilevato il pericolo che il prevedibile ritardo di uscita delle graduatorie definitive metta a rischio l\u2019effettivit\u00e0 delle nomine in ruolo per l\u2019a.s. 2011\/12 &#8211; vincolate a tempi precisi e piuttosto stretti &#8211; e che l\u2019inizio del prossimo anno scolastico sia caratterizzato da \u201cun carosello\u201d di docenti che potrebbe protrarsi nel corso, anche avanzato, delle lezioni.<\/p>\n<p>&nbsp;<\/p>\n<p style=\"text-align: justify;\">Inoltre, lo SNALS-CONFSAL ha richiesto l\u2019emanazione immediata di un atto legislativo che consenta, gi\u00e0 dal corrente anno scolastico 2010\/11, l\u2019effettuazione delle nomine in ruolo su tutti i posti annualmente disponibili e vacanti per il personale docente e ATA. Si tratterebbe di un\u2019operazione di giustizia nei confronti di coloro che, in possesso di tutti i titoli necessari, hanno contribuito a salvaguardare il funzionamento della scuola pubblica anche in situazioni difficili. Stante la situazione degli organici e delle graduatorie permanenti, chiede con forza anche la reiterazione per il prossimo anno dei provvedimenti cosiddetti \u201csalva precari\u201d.<\/p>\n<p>&nbsp;<\/p>\n<p style=\"text-align: justify;\">\u201cFacendo la prima tranche di nomine in ruolo con riferimento all\u2019anno scolastico 2010\/11 e, quindi, alle graduatorie vigenti, si riconosce, seppure parzialmente, l\u2019impegno di coloro che hanno operato in questi anni e si tutelano, per quanto possibile, le loro legittime aspettative\u201d, ha dichiarato il segretario generale dello SNALS-CONFSAL <strong>Marco Paolo Nigi<\/strong>.<\/p>\n<p>&nbsp;<\/p>\n<p style=\"text-align: justify;\">Nigi ha ribadito che lo SNALS-CONFSAL \u201ccontinuer\u00e0 nell\u2019azione a favore della stabilizzazione del personale precario, che porta avanti da tempo nell\u2019interesse del personale e a tutela della scuola pubblica. Riteniamo che la nostra sia un\u2019azione concreta e adeguata alla necessit\u00e0 delle istituzioni scolastiche autonome di dotarsi di risorse umane, strutturali e finanziarie che consenta loro di dare una risposta alle esigenze dei territori e dell\u2019intero Paese\u201d.<\/p>\n<p>&nbsp;<\/p>\n<p>&nbsp;<\/p>\n<p style=\"text-align: justify;\">Ovviamente vi terremo informati, tempestivamente, dell\u2019evolversi della situazione e della posizione del sindacato a seconda dei contenuti dei testi che verranno presentati e vi forniremo una analisi puntuale degli stessi, evidenziando\u00a0 le possibili conseguenze derivanti al personale dalle scelte\u00a0 che lo stesso \u00e8 chiamato ad effettuare.<\/p>\n<p>&nbsp;<\/p>\n<p style=\"text-align: justify;\"><strong>Riportiamo a seguire una stima, seppure approssimativa, della possibile consistenza delle nomine in ruolo <\/strong>da cui si evidenzia come l\u2019effettuazione delle nomine in ruolo per l\u2019a.s. 2010\/11, seppur giuridica, creca di tutelare il pi\u00f9 possibile sulla provincia in cui i singoli docenti\u00a0 hanno operato in questi ultimi anni.<\/p>\n<p>&nbsp;<\/p>\n<p>&nbsp;<\/p>\n<p><em>STIMA DEI\u00a0 POSTI VACANTI IPOTIZZABILI:<\/em><\/p>\n<p>&nbsp;<\/p>\n<p>DOCENTI:<\/p>\n<ul>\n<li style=\"text-align: justify;\">in relazione all\u2019anno scolastico 2010\/11, dopo le\u00a0 immissioni in ruolo, sono rimasti in organico di diritto, quindi disponibili e vacanti, circa 32.000 posti da cui, per il MEF, si devono detrarre circa 10.000 esuberi con un saldo attivo di circa 22.000 posti disponibili e vacanti. (N.B.: in organico di fatto la stragrande maggioranza di personale in esubero \u00e8 stato regolarmente utilizzato);<\/li>\n<li style=\"text-align: justify;\">in relazione all\u2019anno scolastico 2011\/12 \u00e8 ipotizzabile un ulteriore saldo attivo di circa 7.677 posti in organico di diritto derivante dalla differenza tra i pensionamenti di circa 27.376 docenti e le riduzioni previste di circa 19.699 posti;<\/li>\n<\/ul>\n<p>A.T. A.:<\/p>\n<ul>\n<li style=\"text-align: justify;\">in relazione all\u2019anno scolastico 2010\/11, dopo le\u00a0 immissioni in ruolo, sono rimasti in organico di diritto, quindi disponibili e vacanti, circa 42000 posti;<\/li>\n<\/ul>\n<ul>\n<li style=\"text-align: justify;\">in relazione all\u2019anno 2011\/12 \u00e8 ipotizzabile un saldo negativo di circa 7.000 posti in organico di diritto derivante dalla differenza tra i pensionamenti di circa 7.324 unit\u00e0 di personale\u00a0 e le riduzioni previste\u00a0 di circa 14.166 posti;<\/li>\n<\/ul>\n<ul>\n<li>il saldo di posti vacanti e disponibili dovrebbe, quindi, assommare per il biennio 2010\/2012 a circa 35.000.<\/li>\n<\/ul>\n","protected":false},"excerpt":{"rendered":"<p>Incontro al Miur sul tema del precariato e delle graduatorie ad esaurimento<\/p>\n","protected":false},"author":1,"featured_media":0,"comment_status":"closed","ping_status":"closed","sticky":false,"template":"","format":"standard","meta":{"footnotes":""},"categories":[13],"tags":[45,56,52,50],"class_list":["post-638","post","type-post","status-publish","format-standard","hentry","category-comunicati-stampa","tag-comunicati-stampa-3","tag-miur","tag-personale-ata","tag-personale-docente-2"],"_links":{"self":[{"href":"https:\/\/www.snalsfrosinone.it\/index.php?rest_route=\/wp\/v2\/posts\/638","targetHints":{"allow":["GET"]}}],"collection":[{"href":"https:\/\/www.snalsfrosinone.it\/index.php?rest_route=\/wp\/v2\/posts"}],"about":[{"href":"https:\/\/www.snalsfrosinone.it\/index.php?rest_route=\/wp\/v2\/types\/post"}],"author":[{"embeddable":true,"href":"https:\/\/www.snalsfrosinone.it\/index.php?rest_route=\/wp\/v2\/users\/1"}],"replies":[{"embeddable":true,"href":"https:\/\/www.snalsfrosinone.it\/index.php?rest_route=%2Fwp%2Fv2%2Fcomments&post=638"}],"version-history":[{"count":3,"href":"https:\/\/www.snalsfrosinone.it\/index.php?rest_route=\/wp\/v2\/posts\/638\/revisions"}],"predecessor-version":[{"id":1571,"href":"https:\/\/www.snalsfrosinone.it\/index.php?rest_route=\/wp\/v2\/posts\/638\/revisions\/1571"}],"wp:attachment":[{"href":"https:\/\/www.snalsfrosinone.it\/index.php?rest_route=%2Fwp%2Fv2%2Fmedia&parent=638"}],"wp:term":[{"taxonomy":"category","embeddable":true,"href":"https:\/\/www.snalsfrosinone.it\/index.php?rest_route=%2Fwp%2Fv2%2Fcategories&post=638"},{"taxonomy":"post_tag","embeddable":true,"href":"https:\/\/www.snalsfrosinone.it\/index.php?rest_route=%2Fwp%2Fv2%2Ftags&post=638"}],"curies":[{"name":"wp","href":"https:\/\/api.w.org\/{rel}","templated":true}]}}