{"id":726,"date":"2011-05-10T13:43:55","date_gmt":"2011-05-10T11:43:55","guid":{"rendered":"http:\/\/snalsfrosinone.it\/?p=726"},"modified":"2011-11-19T16:19:01","modified_gmt":"2011-11-19T15:19:01","slug":"insegnamento-di-religione-cattolica-emanato-un-nuovo-chiarimento-miur-per-la-continuita-didattica","status":"publish","type":"post","link":"https:\/\/www.snalsfrosinone.it\/?p=726","title":{"rendered":"Insegnamento di religione cattolica &#8211; Emanato un nuovo chiarimento miur per la continuit\u00e0 didattica"},"content":{"rendered":"<p style=\"text-align: justify;\">Vi comunichiamo che, in data odierna, il MIUR ha emanato la nota n. 3992, avente per oggetto:\u201cO.M. n. 29 dell\u20198.4.2011 sulla mobilit\u00e0 degli insegnanti di religione cattolica. Chiarimento sul punteggio relativo alla continuit\u00e0 didattica di cui alle Note 5 e 5bis riportate in \u201cNote comuni alle tabelle dei trasferimenti a domanda a d\u2019ufficio\u201d del CCNI 22 febbraio 2011\u201c.<\/p>\n<p style=\"text-align: justify;\">La nota fornisce un ulteriore chiarimento sulla attribuzione del punteggio relativo alla continuit\u00e0 didattica per gli insegnanti di religione cattolica, precisando che il punteggio derivante dalla continuit\u00e0 pu\u00f2 essere gi\u00e0 attribuito da quest\u2019anno scolastico, ai soli fini della formulazione nelle graduatorie regionali su base diocesana, per l\u2019individuazione dei soprannumerari.<\/p>\n","protected":false},"excerpt":{"rendered":"<p>Vi comunichiamo che, in data odierna, il MIUR ha emanato la nota n. 3992, avente per oggetto:\u201cO.M. n. 29 dell\u20198.4.2011 sulla mobilit\u00e0 degli insegnanti di religione cattolica. Chiarimento sul punteggio relativo alla continuit\u00e0 didattica di cui alle Note 5 e 5bis riportate in \u201cNote comuni alle tabelle dei trasferimenti a domanda a d\u2019ufficio\u201d del CCNI [&hellip;]<\/p>\n","protected":false},"author":1,"featured_media":0,"comment_status":"closed","ping_status":"closed","sticky":false,"template":"","format":"standard","meta":{"footnotes":""},"categories":[20],"tags":[68,56,50],"class_list":["post-726","post","type-post","status-publish","format-standard","hentry","category-personale-docente","tag-comunicati-2","tag-miur","tag-personale-docente-2"],"_links":{"self":[{"href":"https:\/\/www.snalsfrosinone.it\/index.php?rest_route=\/wp\/v2\/posts\/726","targetHints":{"allow":["GET"]}}],"collection":[{"href":"https:\/\/www.snalsfrosinone.it\/index.php?rest_route=\/wp\/v2\/posts"}],"about":[{"href":"https:\/\/www.snalsfrosinone.it\/index.php?rest_route=\/wp\/v2\/types\/post"}],"author":[{"embeddable":true,"href":"https:\/\/www.snalsfrosinone.it\/index.php?rest_route=\/wp\/v2\/users\/1"}],"replies":[{"embeddable":true,"href":"https:\/\/www.snalsfrosinone.it\/index.php?rest_route=%2Fwp%2Fv2%2Fcomments&post=726"}],"version-history":[{"count":5,"href":"https:\/\/www.snalsfrosinone.it\/index.php?rest_route=\/wp\/v2\/posts\/726\/revisions"}],"predecessor-version":[{"id":729,"href":"https:\/\/www.snalsfrosinone.it\/index.php?rest_route=\/wp\/v2\/posts\/726\/revisions\/729"}],"wp:attachment":[{"href":"https:\/\/www.snalsfrosinone.it\/index.php?rest_route=%2Fwp%2Fv2%2Fmedia&parent=726"}],"wp:term":[{"taxonomy":"category","embeddable":true,"href":"https:\/\/www.snalsfrosinone.it\/index.php?rest_route=%2Fwp%2Fv2%2Fcategories&post=726"},{"taxonomy":"post_tag","embeddable":true,"href":"https:\/\/www.snalsfrosinone.it\/index.php?rest_route=%2Fwp%2Fv2%2Ftags&post=726"}],"curies":[{"name":"wp","href":"https:\/\/api.w.org\/{rel}","templated":true}]}}