{"id":768,"date":"2011-05-12T00:04:33","date_gmt":"2011-05-11T22:04:33","guid":{"rendered":"http:\/\/snalsfrosinone.it\/?p=768"},"modified":"2011-05-14T00:11:56","modified_gmt":"2011-05-13T22:11:56","slug":"utilizzazioni-e-assegnazioni-provvisorie-a-s-20112012","status":"publish","type":"post","link":"https:\/\/www.snalsfrosinone.it\/?p=768","title":{"rendered":"Utilizzazioni e assegnazioni provvisorie a.s. 2011\/2012"},"content":{"rendered":"<p style=\"text-align: justify;\">In data odierna \u00e8 stata sottoscritta l\u2019Ipotesi  di CCNI concernente le utilizzazioni e le assegnazioni provvisorie del  personale docente, educativo ed ATA, per l\u2019a.s. 2011\/2012.<!--more--><\/p>\n<p style=\"text-align: justify;\">Nel  rinviarvi ad un\u2019attenta lettura dell\u2019Ipotesi sottoscritta, vi  segnaliamo che, ai sensi del decreto legislativo n. 150\/2009 (legge  Brunetta), la stessa dovr\u00e0 essere inviata, dalla Direzione Generale del  Bilancio del MIUR, all\u2019Ufficio centrale del bilancio e, successivamente,  alla Funzione Pubblica e al MEF, per il previsto parere congiunto sulla  compatibilit\u00e0 economico-finanziaria; solo dopo tale verifica si potr\u00e0  procedere alla sottoscrizione definitiva.<\/p>\n<p style=\"text-align: justify;\">Il testo, che provvediamo  ad inserire in area riservata ed in internet, unitamente alla  dichiarazione unitaria a verbale, utilizza il carattere \u201c<strong>grassetto<\/strong>\u201d per evidenziare tutte le integrazioni al testo del CCNI 15\/7\/2010.<\/p>\n<p style=\"text-align: justify;\">Ad ogni buon conto vi segnaliamo alcune delle modifiche apportate:<\/p>\n<p style=\"text-align: justify;\"><strong>Art. 1 \u2013 CAMPO DI APPLICAZIONE, DURATA E DECORRENZA DEL CONTRATTO<\/strong> \u2013 al comma 11, \u00e8 stata prevista una estensione della riserva di  integrazione del CCNI a seguito degli esiti della successiva mobilit\u00e0,  (rispetto a quella gi\u00e0 prevista lo scorso anno, limitata agli esiti  della mobilit\u00e0 per la scuola secondaria di secondo grado); \u00e8 stata,  inoltre, prevista l\u2019integrazione con apposita contrattazione, per le  modalit\u00e0 di utilizzazione del personale scolastico negli ITS.<\/p>\n<p style=\"text-align: justify;\"><strong>Nota bene &#8211;<\/strong> le date previste dal comma 9 per la presentazione delle domande saranno  definite all\u2019atto della sottoscrizione definitiva del CCNI.<\/p>\n<p style=\"text-align: justify;\"><strong>Art. 2 \u2013 DOCENTI DESTINATARI DELLE UTILIZZAZIONI<\/strong> \u2013 sono stati aggiunti, tra i destinatari, al punto a) i docenti in  esubero nella scuola primaria titolari su \u201cprovincia\u201d e al punto n) i  docenti che chiedono l\u2019utilizzo, ai sensi del D.M. n. 8\/2011, per la  diffusione della cultura e della pratica musicale.<\/p>\n<p style=\"text-align: justify;\">Al comma 9, nell\u2019ambito  delle possibilit\u00e0 di utilizzo degli ITP in esubero, \u00e8 stata aggiunta la  possibilit\u00e0 di utilizzo negli uffici tecnici attivati a seguito del  riordino degli istituti professionali e degli istituti tecnici.<\/p>\n<p style=\"text-align: justify;\"><strong>Art. 4 \u2013 ASSEGNAZIONE DEL PERSONALE NEL CIRCOLO E NELL\u2019ISTITUTO. ISTITUZIONI SCOLASTICHE ARTICOLATE IN PIU\u2019 PLESSI E\/O SEDI<\/strong> \u2013 \u00e8 stato ribadito che, i criteri di assegnazione ai diversi plessi  della scuola dell\u2019infanzia e primaria e alle diverse sedi dell\u2019istituto,  sono definite ai sensi dell\u2019<strong>art. 6 del CCNL 29\/11\/2007<\/strong>;  analogamente, al comma 3, per la scuola secondaria di I e II grado, \u00e8  stato chiarito che i criteri di assegnazione alle sedi, nel caso di  istituto articolato su pi\u00f9 sedi, sono regolati da contratto di istituto  previsto ai sensi dell\u2019art. 6 del CCNL 29\/11\/2007.<\/p>\n<p style=\"text-align: justify;\">Per quanto attiene, invece,  l\u2019assegnazione dei docenti alle classi, in entrambi i commi, \u00e8 stata  evidenziata la funzione dei dirigenti scolastici, (trattandosi di  gestione di risorse umane e organizzazione del lavoro), nel rispetto  delle competenze degli Organi Collegiali.<\/p>\n<p style=\"text-align: justify;\"><strong>Art. 5 \u2013 CRITERI DI ARTICOLAZIONE DELLE UTILIZZAZIONI<\/strong> \u2013 al comma 4 \u00e8 stato previsto che, l\u2019utilizzazione degli ITP  appartenenti a classe di concorso in esubero sugli uffici tecnici \u00e8  effettuata dando priorit\u00e0 ai titolari della stessa scuola che lo  richiedano, e, successivamente, a coloro che siano in esubero in ambito  provinciale, in base al punteggio posseduto.<\/p>\n<p style=\"text-align: justify;\"><strong>Art. 6-bis \u2013 UTILIZZAZIONI DEL PERSONALE NEI LICEI MUSICALI E COREUTICI<\/strong> \u2013 Tale articolo ha subito delle notevoli modifiche rispetto a quello  dello scorso anno, recependo, non solo i contenuti della nota  ministeriale 272 del 14 marzo 2011, ma chiarendo anche la possibilit\u00e0 di  utilizzo dei docenti di strumento musicale, appartenenti a classi in  esubero per gli insegnamenti di \u201cEsecuzione e interpretazione\u201d e  \u201cLaboratorio di musica di insieme\u201d; su tale articolo \u00e8 stata, per\u00f2,  presentata, congiuntamente da tutte le OO.SS., la nota a verbale che  riportiamo al termine nel nostro breve resoconto.<\/p>\n<p style=\"text-align: justify;\"><strong>Art. 6-ter \u2013 DIFFUSIONE DELLA CULTURA E DELLA PRATICA MUSICALE NELLA SCUOLA PRIMARIA<\/strong> (nuovo) \u2013 in tale articolo \u00e8 stato disciplinato l\u2019accesso alle attivit\u00e0 previste dal D.M. n. 8 del 31 gennaio 2011.<\/p>\n<p style=\"text-align: justify;\"><strong>Art. 8 \u2013 PRECEDENZE NELLE OPERAZIONI DI UTILIZZAZIONE E ASSEGNAZIONE PROVVISORIA<\/strong> &#8211; <strong> <\/strong>al punto IV<strong> &#8211; <\/strong>Assistenza<strong> \u2013 <\/strong>\u00e8 stata adeguata la normativa  alle novit\u00e0 introdotte alla legge 183\/2010, in materia di precedenze  contemplate dalla legge 104\/92.<\/p>\n<p style=\"text-align: justify;\"><strong>ART. 11-bis \u2013 DIRETTORE DEI SERVIZI GENERALI ED AMMINISTRATIVI \u2013 POSTI DISPONIBILI E\/O VACANTI \u2013 COPERTURA<\/strong> \u2013 \u00e8 stata prevista la  priorit\u00e0, nel conferimento degli incarichi previsti dall\u2019art. 11-bis,  per gli inseriti nella graduatoria relativa alla mobilit\u00e0 professionale  per l\u2019area D di cui al CCNI 3\/12\/2009; inoltre, \u00e8 stata prevista la  conferma, fortemente voluta dallo SNALS-CONFSAL e dalle altre OO.SS.,  del ruolo della contrattazione regionale, nella definizione dei criteri  per la predisposizione degli elenchi del personale da utilizzare.<\/p>\n<p style=\"text-align: justify;\">Ovviamente, le tabelle e le  relative note, che sono quelle previste dal CCNI per la mobilit\u00e0 del  personale docente, educativo ed ATA 22\/2\/2011, contengono, in grassetto,  le modifiche introdotte nello stesso per la mobilit\u00e0 relativa all\u2019a.s.  2011\/2012.<\/p>\n<p style=\"text-align: justify;\">&nbsp;<\/p>\n<p style=\"text-align: justify;\">Trascriviamo, integralmente, il testo della nota\u00a0 a verbale congiunta.<\/p>\n<p style=\"text-align: justify;\">&nbsp;<\/p>\n<p style=\"text-align: justify;\">&nbsp;<\/p>\n<p style=\"text-align: justify;\"><strong>Dichiarazione a verbale unitaria<\/strong><\/p>\n<p style=\"text-align: justify;\"><strong> <\/strong><\/p>\n<p style=\"text-align: justify;\">&nbsp;<\/p>\n<p style=\"text-align: justify;\">FLC CGIL, CISL scuola, UIL  scuola SNALS-Confsal e GILDA Unams, nel sottoscrivere l\u2019ipotesi di Ccni  riguardante le utilizzazioni e assegnazioni provvisorie del personale  docente, educativo ed Ata della scuola per l\u2019a.s. 2011-2012,<\/p>\n<p style=\"text-align: justify;\">&nbsp;<\/p>\n<p style=\"text-align: justify;\">dichiarano<\/p>\n<p style=\"text-align: justify;\">di non condividere che, per  quanto riguarda l\u2019utilizzazione del personale nei licei musicali, non  sia stato previsto al comma 8 dell\u2019art. 6-bis l\u2019utilizzo anche dei  docenti titolari della A077, a prescindere dall\u2019esubero. Tale  esclusione, dovuta alla posizione rigida dell\u2019Amministrazione, \u00e8  immotivata e non coerente con il Regolamento dei Licei (DPR 89\/10) il  quale, all\u2019art. 7 comma 1, stabilisce che il Liceo musicale assicura \u201cla  continuit\u00e0 dei percorsi formativi per gli studenti provenienti dai  corsi ad indirizzo musicale\u201d.<\/p>\n<p style=\"text-align: justify;\">&nbsp;<\/p>\n<p>Roma l\u00ec 12 maggio 2011.<\/p>\n<p>&nbsp;<\/p>\n<p>FLC CGIL\u00a0\u00a0 \u00a0\u00a0\u00a0\u00a0\u00a0\u00a0\u00a0\u00a0\u00a0\u00a0\u00a0\u00a0\u00a0\u00a0\u00a0\u00a0\u00a0\u00a0\u00a0\u00a0\u00a0\u00a0\u00a0\u00a0\u00a0\u00a0\u00a0\u00a0\u00a0\u00a0\u00a0 Americo Campanari<\/p>\n<p>CISL scuola \u00a0\u00a0\u00a0\u00a0\u00a0\u00a0\u00a0\u00a0\u00a0\u00a0\u00a0\u00a0\u00a0\u00a0\u00a0\u00a0\u00a0\u00a0\u00a0\u00a0\u00a0\u00a0\u00a0\u00a0\u00a0\u00a0\u00a0\u00a0\u00a0\u00a0\u00a0 Gianni Manuzio<\/p>\n<p>UIL scuola\u00a0\u00a0\u00a0\u00a0\u00a0\u00a0\u00a0\u00a0\u00a0\u00a0\u00a0\u00a0\u00a0\u00a0\u00a0\u00a0\u00a0\u00a0\u00a0\u00a0\u00a0\u00a0\u00a0\u00a0\u00a0\u00a0\u00a0\u00a0\u00a0\u00a0\u00a0 Pasquale Proietti<\/p>\n<p>SNALS-Confsal \u00a0\u00a0\u00a0\u00a0\u00a0\u00a0\u00a0\u00a0\u00a0\u00a0\u00a0\u00a0\u00a0\u00a0\u00a0\u00a0\u00a0\u00a0\u00a0\u00a0\u00a0\u00a0\u00a0\u00a0\u00a0\u00a0\u00a0\u00a0\u00a0\u00a0\u00a0 Giuseppina Di Giacomo<\/p>\n<p>GILDA Unams\u00a0\u00a0\u00a0\u00a0\u00a0\u00a0\u00a0\u00a0\u00a0\u00a0\u00a0\u00a0\u00a0\u00a0\u00a0\u00a0\u00a0\u00a0\u00a0\u00a0\u00a0\u00a0\u00a0\u00a0\u00a0\u00a0\u00a0\u00a0\u00a0\u00a0\u00a0 Maria Domenica Di Patre<\/p>\n","protected":false},"excerpt":{"rendered":"<p>In data odierna \u00e8 stata sottoscritta l\u2019Ipotesi di CCNI concernente le utilizzazioni e le assegnazioni provvisorie del personale docente, educativo ed ATA, per l\u2019a.s. 2011\/2012.<\/p>\n","protected":false},"author":1,"featured_media":0,"comment_status":"closed","ping_status":"closed","sticky":false,"template":"","format":"standard","meta":{"footnotes":""},"categories":[18],"tags":[],"class_list":["post-768","post","type-post","status-publish","format-standard","hentry","category-mobilita-e-utilizzazioni"],"_links":{"self":[{"href":"https:\/\/www.snalsfrosinone.it\/index.php?rest_route=\/wp\/v2\/posts\/768","targetHints":{"allow":["GET"]}}],"collection":[{"href":"https:\/\/www.snalsfrosinone.it\/index.php?rest_route=\/wp\/v2\/posts"}],"about":[{"href":"https:\/\/www.snalsfrosinone.it\/index.php?rest_route=\/wp\/v2\/types\/post"}],"author":[{"embeddable":true,"href":"https:\/\/www.snalsfrosinone.it\/index.php?rest_route=\/wp\/v2\/users\/1"}],"replies":[{"embeddable":true,"href":"https:\/\/www.snalsfrosinone.it\/index.php?rest_route=%2Fwp%2Fv2%2Fcomments&post=768"}],"version-history":[{"count":3,"href":"https:\/\/www.snalsfrosinone.it\/index.php?rest_route=\/wp\/v2\/posts\/768\/revisions"}],"predecessor-version":[{"id":770,"href":"https:\/\/www.snalsfrosinone.it\/index.php?rest_route=\/wp\/v2\/posts\/768\/revisions\/770"}],"wp:attachment":[{"href":"https:\/\/www.snalsfrosinone.it\/index.php?rest_route=%2Fwp%2Fv2%2Fmedia&parent=768"}],"wp:term":[{"taxonomy":"category","embeddable":true,"href":"https:\/\/www.snalsfrosinone.it\/index.php?rest_route=%2Fwp%2Fv2%2Fcategories&post=768"},{"taxonomy":"post_tag","embeddable":true,"href":"https:\/\/www.snalsfrosinone.it\/index.php?rest_route=%2Fwp%2Fv2%2Ftags&post=768"}],"curies":[{"name":"wp","href":"https:\/\/api.w.org\/{rel}","templated":true}]}}