{"id":786,"date":"2011-05-18T23:02:17","date_gmt":"2011-05-18T21:02:17","guid":{"rendered":"http:\/\/snalsfrosinone.it\/?p=786"},"modified":"2013-04-09T14:28:49","modified_gmt":"2013-04-09T12:28:49","slug":"estero-esecuzione-dellart-2-4-c-novies-della-legge-2622011-n-10","status":"publish","type":"post","link":"https:\/\/www.snalsfrosinone.it\/?p=786","title":{"rendered":"Estero: esecuzione dell&#8217;art. 2, 4 c. novies della legge 26\/2\/2011, n.10"},"content":{"rendered":"<p style=\"text-align: justify;\">Rendiamo noto che ieri, 17\/5\/2011, il MAE D.G.P.S.P. ha inviato alle sedi estere la C.M. n. 1\/2011, con la quale s\u2019impartiscono le disposizioni applicative della succitata legge.<!--more--><\/p>\n<p style=\"text-align: justify;\">Come da noi gi\u00e0 comunicato ultimamente, il suddetto testo \u00e8 espressione esclusiva dell\u2019Ufficio V della D.G. del Sistema Paese, che non ha ritenuto opportuno accogliere le richieste unitarie delle OO.SS. con le quali si chiedeva la preliminare armonizzazione del Capo X del CCNL vigente con la nuova norma.<\/p>\n<p style=\"text-align: justify;\">La Circolare ricalca l\u2019art. 2, c. 4 novies per quanto riguarda la durata del mandato dei docenti all\u2019estero, che non pu\u00f2 superare i nove anni, che vanno svolti senza interruzione.<\/p>\n<p style=\"text-align: justify;\">Questa durata si uniforma a quella del mandato di chi \u00e8 nominato nelle Scuole Europee.<\/p>\n<p style=\"text-align: justify;\">Quindi coloro che al termine dell\u2019attuale mandato non hanno raggiunto i nove anni hanno diritto a rimanere in servizio fino al termine indicato dalla legge.<\/p>\n<p style=\"text-align: justify;\">A tal fine il MAE annuncia che render\u00e0 pubblici gli elenchi dei docenti in servizio con la descrizione della loro posizione rispetto alla durata del mandato all\u2019estero.<\/p>\n<p style=\"text-align: justify;\">Stando alle dichiarazioni rese dai dirigenti MAE negli incontri del 2 e del 10 maggio scorsi, coloro che hanno in corso un mandato successivo al primo, potranno tranquillamente portarlo a termine, anche oltre il compimento del nono anno.<\/p>\n<p style=\"text-align: justify;\">Nel corso dell\u2019incontro del 10 maggio lo SNALS-Confsal ha definito inspiegabile l\u2019inciso \u201cprevio accertamento della disponibilit\u00e0 di bilancio\u201d contenuto nel punto b) del paragrafo sul servizio all\u2019estero, poich\u00e9, se v\u2019\u00e8 disponibilit\u00e0 di posti, le nomine vanno fatte, e se un docente che ha gi\u00e0 svolto un mandato ha diritto alla nomina, egli dev\u2019essere nominato, poich\u00e9 l\u2019alternativa \u00e8 la soppressione dei posti, e quindi la riduzione della nostra presenza all\u2019estero, nella prospettiva finale di azzerarla, fino a consentire che sia messa in discussione la stessa esistenza della nostra politica culturale all\u2019estero.<\/p>\n<p style=\"text-align: justify;\">Riguardo ai trasferimenti, la circolare ribadisce\u00a0 che essi sono sospesi fino al 31 agosto 2013, salvo quelli d\u2019ufficio e quelli delle sedi particolarmente disagiate.<\/p>\n<p style=\"text-align: justify;\">Infine, la circolare conferma la proroga di validit\u00e0 delle graduatorie fino al 31 agosto 2012.<\/p>\n<p style=\"text-align: justify;\">Per\u00f2, il Capo delegazione MAE, anche nell\u2019incontro del 10 maggio, ha confermato l\u2019impegno di pubblicare il bando per le nuove prove di accertamento della conoscenza della lingua straniera entro l\u2019estate, in modo che le prove si svolgano fra dicembre 2011 e febbraio 2012; dopo la loro conclusione il MAE sembra intenzionato a riaprire i termini per l\u2019aggiornamento delle graduatorie permanenti, che entrerebbero in vigore per le nomine dell\u2019a.s. 2012\/2013!<\/p>\n<p style=\"text-align: justify;\">Evidentemente la subordinazione dell\u2019aggiornamento delle graduatorie al termine delle prove d\u2019idoneit\u00e0 linguistica danneggia i docenti che gi\u00e0 da tre anni sono rientrati in servizio in Italia, e hanno diritto ad essere reinseriti nelle graduatorie permanenti e, se possibile, ad essere di nuovo nominati all\u2019estero per completare i nove anni previsti dalla nuova legge.<\/p>\n<p style=\"text-align: justify;\">Ricordiamo che n\u00e9 il contratto di lavoro, n\u00e9 la norma di legge subordinano l\u2019aggiornamento delle graduatorie al compimento della prova di lingua.<\/p>\n<p style=\"text-align: justify;\">Purtroppo, \u00e8 rimasta inascoltata la richiesta dello SNALS-Confsal, avanzata nel mese di settembre 2010, di procedere subito all\u2019aggiornamento delle graduatorie.<\/p>\n","protected":false},"excerpt":{"rendered":"<p>Rendiamo noto che ieri, 17\/5\/2011, il MAE D.G.P.S.P. ha inviato alle sedi estere la C.M. n. 1\/2011, con la quale s\u2019impartiscono le disposizioni applicative della succitata legge.<\/p>\n","protected":false},"author":1,"featured_media":0,"comment_status":"closed","ping_status":"closed","sticky":false,"template":"","format":"standard","meta":{"footnotes":""},"categories":[36],"tags":[68,71],"class_list":["post-786","post","type-post","status-publish","format-standard","hentry","category-estero","tag-comunicati-2","tag-estero-2"],"_links":{"self":[{"href":"https:\/\/www.snalsfrosinone.it\/index.php?rest_route=\/wp\/v2\/posts\/786","targetHints":{"allow":["GET"]}}],"collection":[{"href":"https:\/\/www.snalsfrosinone.it\/index.php?rest_route=\/wp\/v2\/posts"}],"about":[{"href":"https:\/\/www.snalsfrosinone.it\/index.php?rest_route=\/wp\/v2\/types\/post"}],"author":[{"embeddable":true,"href":"https:\/\/www.snalsfrosinone.it\/index.php?rest_route=\/wp\/v2\/users\/1"}],"replies":[{"embeddable":true,"href":"https:\/\/www.snalsfrosinone.it\/index.php?rest_route=%2Fwp%2Fv2%2Fcomments&post=786"}],"version-history":[{"count":3,"href":"https:\/\/www.snalsfrosinone.it\/index.php?rest_route=\/wp\/v2\/posts\/786\/revisions"}],"predecessor-version":[{"id":788,"href":"https:\/\/www.snalsfrosinone.it\/index.php?rest_route=\/wp\/v2\/posts\/786\/revisions\/788"}],"wp:attachment":[{"href":"https:\/\/www.snalsfrosinone.it\/index.php?rest_route=%2Fwp%2Fv2%2Fmedia&parent=786"}],"wp:term":[{"taxonomy":"category","embeddable":true,"href":"https:\/\/www.snalsfrosinone.it\/index.php?rest_route=%2Fwp%2Fv2%2Fcategories&post=786"},{"taxonomy":"post_tag","embeddable":true,"href":"https:\/\/www.snalsfrosinone.it\/index.php?rest_route=%2Fwp%2Fv2%2Ftags&post=786"}],"curies":[{"name":"wp","href":"https:\/\/api.w.org\/{rel}","templated":true}]}}