{"id":802,"date":"2011-05-23T14:24:17","date_gmt":"2011-05-23T12:24:17","guid":{"rendered":"http:\/\/snalsfrosinone.it\/?p=802"},"modified":"2013-04-09T14:31:44","modified_gmt":"2013-04-09T12:31:44","slug":"graduatorie-ad-esaurimento-docenti-scheda-di-lettura-per-la-compilazione-delle-domande","status":"publish","type":"post","link":"https:\/\/www.snalsfrosinone.it\/?p=802","title":{"rendered":"Graduatorie ad esaurimento docenti: scheda di lettura per la compilazione delle domande"},"content":{"rendered":"<p>E\u2019 stata elaborata una scheda di lettura per la compilazione delle domande per l\u2019aggiornamento delle graduatorie ad esaurimento del personale docente ed educativo, che riportiamo qui di seguito, la cui scadenza di presentazione \u00e8 il 1\u00b0 giugno.<!--more--><\/p>\n<p>&nbsp;<\/p>\n<p>&nbsp;<\/p>\n<p><strong>GRADUATORIE AD ESAURIMENTO DOCENTI<\/strong><\/p>\n<p><strong>SCHEDA DI LETTURA PER <\/strong><strong>LA COMPILAZIONE DELLE<\/strong><strong> DOMANDE<\/strong><\/p>\n<p>A cura di Maria Gaiani e Pierfrancesco Ramero<\/p>\n<p>&nbsp;<\/p>\n<p><strong>SCADENZA<\/strong>: la domanda si presenta entro il 1\u00b0 giugno 2011 con raccomandata\/ricevuta di ritorno o a mano presso i competenti UST della provincia in cui si chiede di essere inseriti.<\/p>\n<p>&nbsp;<\/p>\n<p><strong>CHI PRESENTA <\/strong><strong>LA DOMANDA<\/strong><strong>:<\/strong><\/p>\n<ol>\n<li>Devono presentare la domanda tutti coloro che <span style=\"text-decoration: underline;\">aggiornano<\/span> la precedente posizione con nuovi punteggi derivanti da: servizi, nuovi titoli culturali, o con nuovi titoli di preferenza o di riserva;<\/li>\n<li>Coloro che <span style=\"text-decoration: underline;\">sciolgono la riserva<\/span> a seguito di conseguimento di titolo abilitante o di specializzazione per sostegno;<\/li>\n<li>Coloro che <span style=\"text-decoration: underline;\">confermano l\u2019iscrizione con riserva<\/span>, sia per l\u2019abilitazione che per il sostegno, da sciogliere entro il 30\/06\/2011 o successivamente al conseguimento del titolo.<\/li>\n<\/ol>\n<p>&nbsp;<\/p>\n<p><strong>CHI NON PUO\u2019 PRESENTARE <\/strong><strong>LA DOMANDA<\/strong><strong>:<\/strong><\/p>\n<ol>\n<li>Coloro che non erano precedentemente iscritti a pieno titolo o con riserva nelle Graduatorie ad esaurimento;<\/li>\n<li>Tutto il personale a Tempo indeterminato.<\/li>\n<\/ol>\n<p>&nbsp;<\/p>\n<p><strong>QUANTE PROVINCE<\/strong><\/p>\n<p style=\"text-align: justify;\">A seguito della sentenza della corte Costituzionale non esistono pi\u00f9 le graduatorie \u201c di coda\u201d . Si presenta domanda\u00a0 in una sola provincia, quella di precedente iscrizione o una nuova. In tal caso si deve barrare sia la casella A (<strong>aggiornamento<\/strong>) che la casella T (<strong>trasferimento<\/strong>), dichiarando da quale provincia si proviene e da cui si chiede la cancellazione.<\/p>\n<p>&nbsp;<\/p>\n<p><strong>SERVIZIO DI MONTAGNA<\/strong><\/p>\n<p>Dall\u2019a.s. 2007\/08 non \u00e8 pi\u00f9 previsto il raddoppio di del punteggio per le scuole di montagna. Tale valutazione \u00e8 limitata al periodo 2003\/04 \u2013 2006\/07.<\/p>\n<p>&nbsp;<\/p>\n<p><strong>SERVIZIO MILITARE ED ASSIMILATI<\/strong><\/p>\n<p>Si conferma che tali servizi sono valutabili solo in concomitanza di nomina a Tempo Determinato.<\/p>\n<p>&nbsp;<\/p>\n<p><strong>SERVIZIO DI INSEGNAMENTO<\/strong><\/p>\n<ol>\n<li style=\"text-align: justify;\">Per coloro gi\u00e0 inseriti precedentemente si aggiorna il punteggio con i servizi prestati nell\u2019a.s. 2009\/10 e 2010\/11.\u00a0 I servizi relativi all\u2019a.s. 2008\/09 sono valutabili solo dopo l\u201911\/05\/2009, se il candidato non aveva gi\u00e0 precedentemente inserito il punteggio massimo per anno scolastico ( 12 punti);<\/li>\n<li style=\"text-align: justify;\">Per coloro che sciolgono la riserva vanno dichiarati tutti i servizi prestati non concomitanti con il biennio SSIS o con la laurea in Scienze della Formazione Primaria;<\/li>\n<li style=\"text-align: justify;\">Per coloro che confermano la riserva non si valuta alcun servizio.<\/li>\n<\/ol>\n<p>&nbsp;<\/p>\n<p><strong>ELENCHI PRIORITARI \u201cSALVAPRECARI\u201d<\/strong><\/p>\n<ol>\n<li style=\"text-align: justify;\">Coloro che erano iscritti negli elenchi prioritari compilano il quadro a pag.5, dichiarando la graduatoria che ha conferito loro titolo all\u2019iscrizione negli elenchi ( quella in cui si \u00e8 prestato servizio nell\u2019a.s.2008\/09 o 2009\/10). Il punteggio dell\u2019intero anno scolastico sar\u00e0 attribuito a questa graduatoria senza compilare a pag. 8 il quadro G1\u00a0 o pag.6 il quadro E, gli eventuali servizi svolti per effetto dell\u2019elenco prioritario.<\/li>\n<li style=\"text-align: justify;\">Coloro che non sono stati iscritti nell\u2019elenco prioritario perch\u00e9\u00a0 in servizio con cattedra intera, diversa da quella in cui avevano lavorato nel 2008\/09 o 2009\/10, possono spostare il punteggio intero sulla graduatoria del 2008\/09 o 2009\/10 per effetto delle note 20 e 31.<\/li>\n<\/ol>\n<p>&nbsp;<\/p>\n<p><strong>TITOLO DI ACCESSO<\/strong><\/p>\n<p style=\"text-align: justify;\">Si dichiara nel quadro F1 solo nel caso in cui si chieda la valutazione di un nuovo titolo pi\u00f9 favorevole come punteggio, es: gi\u00e0 inserita perch\u00e9 abilitata con procedura concorsuale, avendo conseguito abilitazione con SSIS o Scienze della Formazione Primaria (nella stessa classe di concorso precedente), sostituisco il titolo d\u2019abilitazione precedentemente inserito con quello nuovo e dichiaro il precedente\u00a0 come titolo culturale nel quadro F 2 (punti 3).<\/p>\n<p>&nbsp;<\/p>\n<p><strong>TITOLI CULTURALI<\/strong><\/p>\n<ol>\n<li>si dichiarano solo quelli nuovi conseguiti dopo l\u201911\/05\/2009 per coloro che erano gi\u00e0 inseriti in Graduatoria ad Esaurimento;<\/li>\n<li>si dichiarano tutti i titoli per coloro che sciolgono la riserva;<\/li>\n<li>non si dichiarano titoli culturali per coloro che confermano la riserva.<\/li>\n<\/ol>\n<p>&nbsp;<\/p>\n<p><strong>TITOLI ARTISTICI<\/strong><\/p>\n<p>I docenti iscritti alla GaE di STRUMENTO MUSICALE presentano titoli artistici solo se conseguiti successivamente all\u201911\/05\/2009 e se non hanno ottenuto il massimo del punteggio attribuibile.<\/p>\n<p>&nbsp;<\/p>\n<p><strong>ASSUNZIONE DI CATEGORIE PROTETTE<\/strong><\/p>\n<p style=\"text-align: justify;\">Chi appartiene a categoria protetta di cui alla L.68\/99, deve presentare la documentazione e la dichiarazione di essere iscritti alle liste del collocamento obbligatorio in quanto disoccupati, tranne che quest\u2019ultima sia gi\u00e0 stata presentata nel 2009.<\/p>\n<p>&nbsp;<\/p>\n<p>&nbsp;<\/p>\n<p><strong>ATTENZIONE: <\/strong><\/p>\n<ul>\n<li style=\"text-align: justify;\"><strong>Le domande debbono essere firmate in ciascuna pagina compilata, pena l\u2019esclusione.<\/strong><\/li>\n<li style=\"text-align: justify;\"><strong>Avverso le graduatorie, \u00e8<\/strong><strong> possibile avanzare reclamo entro 5 giorni dalla pubblicazione delle graduatorie <span style=\"text-decoration: underline;\">provvisorie<\/span> (Art. 10 D.M. 44\/11). <\/strong><\/li>\n<li style=\"text-align: justify;\"><strong>Per quanto attiene le graduatorie di Circolo o di Istituto si attendono successivi provvedimenti dal Ministero,<\/strong><\/li>\n<li style=\"text-align: justify;\"><strong>Per quest\u2019ultima procedura occorrer\u00e0 utilizzare (almeno parzialmente) il sistema \u201cistanze on line\u201d per cui \u00e8 meglio che gli interessati predispongano i necessari adempimenti.<\/strong><\/li>\n<\/ul>\n","protected":false},"excerpt":{"rendered":"<p>E\u2019 stata elaborata una scheda di lettura per la compilazione delle domande per l\u2019aggiornamento delle graduatorie ad esaurimento del personale docente ed educativo, che riportiamo qui di seguito, la cui scadenza di presentazione \u00e8 il 1\u00b0 giugno.<\/p>\n","protected":false},"author":1,"featured_media":0,"comment_status":"closed","ping_status":"closed","sticky":false,"template":"","format":"standard","meta":{"footnotes":""},"categories":[38],"tags":[69,50,51],"class_list":["post-802","post","type-post","status-publish","format-standard","hentry","category-graduatorie","tag-graduatorie-2","tag-personale-docente-2","tag-personale-educativo"],"_links":{"self":[{"href":"https:\/\/www.snalsfrosinone.it\/index.php?rest_route=\/wp\/v2\/posts\/802","targetHints":{"allow":["GET"]}}],"collection":[{"href":"https:\/\/www.snalsfrosinone.it\/index.php?rest_route=\/wp\/v2\/posts"}],"about":[{"href":"https:\/\/www.snalsfrosinone.it\/index.php?rest_route=\/wp\/v2\/types\/post"}],"author":[{"embeddable":true,"href":"https:\/\/www.snalsfrosinone.it\/index.php?rest_route=\/wp\/v2\/users\/1"}],"replies":[{"embeddable":true,"href":"https:\/\/www.snalsfrosinone.it\/index.php?rest_route=%2Fwp%2Fv2%2Fcomments&post=802"}],"version-history":[{"count":3,"href":"https:\/\/www.snalsfrosinone.it\/index.php?rest_route=\/wp\/v2\/posts\/802\/revisions"}],"predecessor-version":[{"id":2814,"href":"https:\/\/www.snalsfrosinone.it\/index.php?rest_route=\/wp\/v2\/posts\/802\/revisions\/2814"}],"wp:attachment":[{"href":"https:\/\/www.snalsfrosinone.it\/index.php?rest_route=%2Fwp%2Fv2%2Fmedia&parent=802"}],"wp:term":[{"taxonomy":"category","embeddable":true,"href":"https:\/\/www.snalsfrosinone.it\/index.php?rest_route=%2Fwp%2Fv2%2Fcategories&post=802"},{"taxonomy":"post_tag","embeddable":true,"href":"https:\/\/www.snalsfrosinone.it\/index.php?rest_route=%2Fwp%2Fv2%2Ftags&post=802"}],"curies":[{"name":"wp","href":"https:\/\/api.w.org\/{rel}","templated":true}]}}