{"id":813,"date":"2011-05-27T14:25:16","date_gmt":"2011-05-27T12:25:16","guid":{"rendered":"http:\/\/snalsfrosinone.it\/?p=813"},"modified":"2013-04-09T14:35:01","modified_gmt":"2013-04-09T12:35:01","slug":"rivelazione-residui-attivi-e-passivi-delle-istituzioni-scolastiche","status":"publish","type":"post","link":"https:\/\/www.snalsfrosinone.it\/?p=813","title":{"rendered":"Rivelazione residui attivi e passivi delle istituzioni scolastiche"},"content":{"rendered":"<p style=\"text-align: justify;\">La perseverante azione della Segreteria Generale, tesa ad accertare i residui attivi e passivi delle scuole al fine di dare certezza alle effettive disponibilit\u00e0 finanziarie delle stesse, ha conseguito un primo risultato rilevante con l\u2019emanazione da parte del MEF della circolare n. 20 del 23\/5\/2011, prot. n. 0064422.<\/p>\n<p style=\"text-align: justify;\">Non appena acquisiti i dati raccolti, si chieder\u00e0, con forza, al MIUR di sanare tutte le situazioni creditizie per dare serenit\u00e0 operativa alle scuole.<!--more--><\/p>\n<div>\n<p>&nbsp;<\/p>\n<p style=\"text-align: center;\"><strong>CIRCOLARE N. 20<\/strong><\/p>\n<p>&nbsp;<\/p>\n<p>&nbsp;<\/p>\n<p style=\"text-align: center;\"><em>Ministero dell\u2019Economia e delle Finanze<\/em><\/p>\n<p style=\"text-align: center;\">\n<p style=\"text-align: center;\">DIPARTIMENTO DELLA RAGIONERIA GENERALE DELLO STATO<\/p>\n<p style=\"text-align: center;\">ISPETTORATO GENERALE DI FINANZA<\/p>\n<p style=\"text-align: center;\">UFFICIO IV<\/p>\n<p>&nbsp;<\/p>\n<p>&nbsp;<\/p>\n<p>Prot. N . 0064422<\/p>\n<p style=\"text-align: right;\">Roma, 23 maggio 2011<\/p>\n<p>&nbsp;<\/p>\n<p>&nbsp;<\/p>\n<p>Destinatari<\/p>\n<p>&nbsp;<\/p>\n<p>Allegati<\/p>\n<p>&nbsp;<\/p>\n<p>&nbsp;<\/p>\n<p>OGGETTO: Rilevazione residui attivi e passivi delle Istituzioni scolastiche.<\/p>\n<p>&nbsp;<\/p>\n<p style=\"text-align: justify;\">\n<p style=\"text-align: justify;\">Dai bilanci delle Istituzioni scolastiche \u00e8 stato rilevato il permanere di residui attivi di provenienza ministeriale e di residui passivi, la cui copertura deve essere assicurata da finanziamenti a carico del Ministero dell&#8217;Istruzione, dell&#8217;Universit\u00e0 e della Ricerca, risalenti ad esercizi pregressi.<\/p>\n<p style=\"text-align: justify;\">\n<p style=\"text-align: justify;\">Tenuto conto che la questione assume carattere generale, anche alla luce dell&#8217;attuale quadro di finanza pubblica, appare necessario fare chiarezza sul fenomeno sopra prospettato, al fine di pervenire ad una pi\u00f9 analitica conoscenza delle effettive situazioni esistenti.<\/p>\n<p style=\"text-align: justify;\">\n<p style=\"text-align: justify;\">A questo scopo sono state predisposte tre schede di cui due finalizzate, rispettivamente, alla rilevazione, al 31 dicembre 2010, dei residui attivi e passivi (distinti per esercizio di provenienza e per tipologia di credito e di debito) di ciascuna Istituzione scolastica ed un&#8217;altra per la rilevazione di taluni dati finanziari.<\/p>\n<p style=\"text-align: justify;\">\n<p style=\"text-align: justify;\">Le SS.LL. sono invitate, pertanto, ad acquisire da ciascuna Istituzione scolastica ove svolgono l&#8217;attivit\u00e0 di revisione, i dati afferenti alle voci esposte nelle citate schede e, successivamente, ad inserirli in un&#8217;apposita funzione che sar\u00e0 accessibile all&#8217; interno dell&#8217;applicativo Athena2, dalla voce di menu &#8220;Rilevazione R.A.P. e Sit. Fin.&#8221;.<\/p>\n<p style=\"text-align: justify;\">\n<p style=\"text-align: justify;\">Dette schede vengono allegate alla presente nota, al fine di consentire fin da ora l&#8217;acquisizione dei dati, come di seguito specificato:<\/p>\n<p style=\"text-align: justify;\">\n<p style=\"text-align: justify;\">&#8211; Scheda &#8220;Rilevazione residui attivi al 31.12. 2010&#8221; (<strong>Allegato 1<\/strong>)<\/p>\n<p style=\"text-align: justify;\">&#8211; Scheda &#8220;Rilevazione residui passivi al 31.12. 2010&#8221; (<strong>Allegato 2<\/strong>)<\/p>\n<p style=\"text-align: justify;\">&#8211; Scheda &#8220;Conto consuntivo 2010 &#8211; Rilevazione dati finanziari&#8221; (<strong>Allegato 3<\/strong>)<\/p>\n<p style=\"text-align: justify;\">\n<p style=\"text-align: justify;\">Elementi chiarificativi in merito ai criteri che dovranno essere seguiti per la compilazione delle suindicate schede sono esposti nell&#8217;apposita &#8220;Nota tecnica per la compilazione&#8221;, (<strong>Allegato 4<\/strong>).<\/p>\n<p style=\"text-align: justify;\">\n<p style=\"text-align: justify;\">Si ritiene necessario raccomandare l&#8217; attenta lettura della nota tecnica, non soltanto al fine di rendere pi\u00f9 agevole la compilazione delle schede, ma di assicurare, altres\u00ec, l&#8217;applicazione di criteri uniformi nella raccolta dei dati e di favorire, in tal modo, l&#8217; attendibilit\u00e0 della rilevazione ed il buon esito dell&#8217;operazione.<\/p>\n<p style=\"text-align: justify;\">\n<p style=\"text-align: justify;\">I revisori dei conti presso le Istituzioni scolastiche costituitesi, con effetto dal 1\u00b0 settembre 2010, a seguito del dimensionamento per l&#8217;anno scolastico 2010\/20 Il &#8211; tenuto conto che per dette nuove Istituzioni il primo esercizio di gestione ha una durata di quattro mesi (1\u00b0 settembre 2010 &#8211; 31 dicembre 2010) &#8211; opereranno la rilevazione in argomento prendendo a riferimento i dati afferenti al predetto periodo.<\/p>\n<p style=\"text-align: justify;\">\n<p style=\"text-align: justify;\">Le SS.LL., quindi, avranno cura di richiedere con la massima urgenza consentita alle Istituzioni scolastiche, presso le quali svolgono l&#8217;incarico di revisore dei conti in rappresentanza del Ministero dell&#8217;Economia e delle Finanze, i dati di cui sopra e di inserirli nella nuova funzione che sar\u00e0 prossimamente attivata e rester\u00e0 accessibile sino a tutto il 13 giugno 2011, termine improrogabile per l&#8217;esecuzione delle operazioni di consolidamento.<\/p>\n<p style=\"text-align: justify;\">\n<p style=\"text-align: justify;\">Va sottolineato che l&#8217;adempimento richiesto non comporta una visita aggiuntiva presso le Scuole, potendo le SS.LL. acquisire i dati a mezzo posta elettronica o a mezzo fax, con riserva di verificarne la corrispondenza con quelli rilevabili dalle scritture contabili in occasione della prima visita utile.<\/p>\n<p style=\"text-align: justify;\">\n<p style=\"text-align: justify;\">Le SS.LL. medesime sono invitate a dare conoscenza degli adempimenti prescritti, concordati con il Ministero dell&#8217;Istruzione, dell&#8217; Universit\u00e0 e della Ricerca, ai revisori nominati in rappresentanza del citato Dicastero che operano congiuntamente presso gli stessi ambiti territoriali scolastici.<\/p>\n<p style=\"text-align: justify;\">\n<p style=\"text-align: justify;\">Si confida nella fattiva collaborazione delle SS.LL. per la puntuale rilevazione in argomento, che costituir\u00e0 oggetto di particolare attenzione da parte degli Organi di vertice ministeriali.<\/p>\n<p style=\"text-align: justify;\">\n<p style=\"text-align: justify;\">Le Ragionerie Territoriali dello Stato, che leggono per conoscenza, assicureranno la massima diffusione della presente nota ai revisori dei conti in rappresentanza del Ministero dell&#8217;Economia e delle Finanze presso gli Ambiti territoriali scolastici rientranti nella propria competenza.<\/p>\n<p>&nbsp;<\/p>\n<p>&nbsp;<\/p>\n<p style=\"text-align: center;\">Il Ragioniere Generale dello Stato<\/p>\n<p>&nbsp;<\/p>\n<p>&nbsp;<\/p>\n<p>Allegati<\/p>\n<p>&nbsp;<\/p>\n<p>Allegati 1_2 \u2013 3 &#8211; 4<\/p>\n<p>&nbsp;<\/p>\n<p>&nbsp;<\/p>\n<p>Destinatari<\/p>\n<p>&nbsp;<\/p>\n<p>Ai Revisori dei conti in<\/p>\n<p>rappresentanza del Ministero<\/p>\n<p>dell&#8217; economia e delle finanze<\/p>\n<p>Allegati N. 4 presso le Istituzioni scolastiche<\/p>\n<p>Loro Sedi<\/p>\n<p>&nbsp;<\/p>\n<p>e, p. c.<\/p>\n<p>&nbsp;<\/p>\n<p>Al Ministero dell&#8217;istruzione,<\/p>\n<p>dell&#8217;universit\u00e0 e della ricerca<\/p>\n<p>Direzione Generale per le Politiche<\/p>\n<p>di Bilancio<\/p>\n<p>Viale Trastevere, n. 76<\/p>\n<p>00153 Roma<\/p>\n<p>&nbsp;<\/p>\n<p>Alle Ragionerie Territoriali dello<\/p>\n<p>Stato<\/p>\n<p>Loro Sedi<\/p>\n<p>&nbsp;<\/p>\n<\/div>\n","protected":false},"excerpt":{"rendered":"<p>La perseverante azione della Segreteria Generale, tesa ad accertare i residui attivi e passivi delle scuole al fine di dare certezza alle effettive disponibilit\u00e0 finanziarie delle stesse, ha conseguito un primo risultato rilevante con l\u2019emanazione da parte del MEF della circolare n. 20 del 23\/5\/2011, prot. n. 0064422. Non appena acquisiti i dati raccolti, si [&hellip;]<\/p>\n","protected":false},"author":1,"featured_media":0,"comment_status":"closed","ping_status":"closed","sticky":false,"template":"","format":"standard","meta":{"footnotes":""},"categories":[30],"tags":[56],"class_list":["post-813","post","type-post","status-publish","format-standard","hentry","category-contabilita","tag-miur"],"_links":{"self":[{"href":"https:\/\/www.snalsfrosinone.it\/index.php?rest_route=\/wp\/v2\/posts\/813","targetHints":{"allow":["GET"]}}],"collection":[{"href":"https:\/\/www.snalsfrosinone.it\/index.php?rest_route=\/wp\/v2\/posts"}],"about":[{"href":"https:\/\/www.snalsfrosinone.it\/index.php?rest_route=\/wp\/v2\/types\/post"}],"author":[{"embeddable":true,"href":"https:\/\/www.snalsfrosinone.it\/index.php?rest_route=\/wp\/v2\/users\/1"}],"replies":[{"embeddable":true,"href":"https:\/\/www.snalsfrosinone.it\/index.php?rest_route=%2Fwp%2Fv2%2Fcomments&post=813"}],"version-history":[{"count":3,"href":"https:\/\/www.snalsfrosinone.it\/index.php?rest_route=\/wp\/v2\/posts\/813\/revisions"}],"predecessor-version":[{"id":2817,"href":"https:\/\/www.snalsfrosinone.it\/index.php?rest_route=\/wp\/v2\/posts\/813\/revisions\/2817"}],"wp:attachment":[{"href":"https:\/\/www.snalsfrosinone.it\/index.php?rest_route=%2Fwp%2Fv2%2Fmedia&parent=813"}],"wp:term":[{"taxonomy":"category","embeddable":true,"href":"https:\/\/www.snalsfrosinone.it\/index.php?rest_route=%2Fwp%2Fv2%2Fcategories&post=813"},{"taxonomy":"post_tag","embeddable":true,"href":"https:\/\/www.snalsfrosinone.it\/index.php?rest_route=%2Fwp%2Fv2%2Ftags&post=813"}],"curies":[{"name":"wp","href":"https:\/\/api.w.org\/{rel}","templated":true}]}}