{"id":846,"date":"2011-06-07T23:03:13","date_gmt":"2011-06-07T21:03:13","guid":{"rendered":"http:\/\/snalsfrosinone.it\/?p=846"},"modified":"2013-04-09T14:41:59","modified_gmt":"2013-04-09T12:41:59","slug":"area-v-richiesta-congiunta-per-permanenza-in-servizio-d-s-fino-a-67-anni","status":"publish","type":"post","link":"https:\/\/www.snalsfrosinone.it\/?p=846","title":{"rendered":"Area V: richiesta congiunta per permanenza in servizio D.S. fino a 67 anni"},"content":{"rendered":"<p style=\"text-align: justify;\">In data odierna lo SNALS-Confsal congiuntamente alle altre OO.SS. ha inviato una nota al Dipartimento per la Funzione Pubblica &#8211; UPPA, al Ministero dell\u2019Economia e Finanze &#8211; Dipartimento della Ragioneria Generale dello Stato, e al MIUR &#8211; Direttore Generale del personale scolastico, per chiedere l\u2019autorizzazione per la permanenza in servizio fino a 67 anni per i dirigenti scolastici che ne abbiano fatto richiesta.<!--more--><\/p>\n<p style=\"text-align: justify;\">La trascriviamo di seguito:<\/p>\n<p>Roma, 7 giugno 2011.<\/p>\n<p>&nbsp;<\/p>\n<p>&nbsp;<\/p>\n<p>&nbsp;<\/p>\n<p>Alla Presidenza del Consiglio dei Ministri<\/p>\n<p>Dipartimento per la Funzione Pubblica &#8211; UPPA<\/p>\n<p>Corso Vittorio Emanuele II<\/p>\n<p>00100 R O M A<\/p>\n<p>Fax: 06.68997329<\/p>\n<p>Mail: m.barila@funzionepubblica.it<\/p>\n<p>&nbsp;<\/p>\n<p>Al Ministero dell\u2019Economia e Finanze<\/p>\n<p>Dipartimento della Ragioneria Generale dello Stato<\/p>\n<p>Via XX Settembre, 97<\/p>\n<p>00100 R O M A<\/p>\n<p>Mail: rita.cicchiello@tesoro.it<\/p>\n<p>&nbsp;<\/p>\n<p>Al MIUR<\/p>\n<p>Direttore Generale del personale scolastico<\/p>\n<p>Viale Trastevere 76 a<\/p>\n<p>00153 R O M A<\/p>\n<p>Fax: 0658493445<\/p>\n<p>Mail: dgpers.ufficio2@istruzione.it<\/p>\n<p>&nbsp;<\/p>\n<p>&nbsp;<\/p>\n<p>Oggetto: Autorizzazione a mantenere in servizio 429 Dirigenti Scolastici ai sensi della L.449\/1997, art.39.<\/p>\n<p style=\"text-align: justify;\">Le scriventi OO.SS. rappresentative dell\u2019Area V della dirigenza scolastica chiedono che venga autorizzato il mantenimento in servizio oltre i 65 anni di et\u00e0 dei 429 dirigenti scolastici che lo hanno richiesto.<\/p>\n<p style=\"text-align: justify;\">A tal proposito fanno presente che l\u2019attuale organico di fatto dei dirigenti scolastici \u00e8 largamente inadeguato rispetto al numero delle istituzioni scolastiche autonome, come dimostra il fatto che quest\u2019anno (a.s. 2010-2011) sono stati assegnati 1.380 incarichi di reggenza.<\/p>\n<p style=\"text-align: justify;\">Inoltre, per il prossimo anno scolastico (2011-2012) sono previsti circa altri 8\/900 pensionamenti (media degli ultimi due anni), ragion per cui il numero delle reggenze \u00e8 destinato a lievitare ad oltre 2.200.<\/p>\n<p style=\"text-align: justify;\">Si tratta di un numero ragguardevole di sedi scoperte, tra l\u2019altro localizzate soprattutto nelle regioni del centro-nord, nelle quali, data la distribuzione delle istituzioni scolastiche nel territorio, accade frequentemente che la scuola retta sia a decine o, in qualche caso, a centinaia di Km di distanza e con l\u2019impossibilit\u00e0 di utilizzo del mezzo proprio ed \u00e8 prevedibile che aumentino i casi di affidamento in reggenza di due scuole, come oggi succede solo a pochi.<\/p>\n<p style=\"text-align: justify;\">Si tratta di una situazione insostenibile, perch\u00e9 il disagio (del tutto evidente) riguarderebbe sia le scuole affidate in reggenza, sia quelle di titolarit\u00e0 dei dirigenti: circa 4.400 istituzioni scolastiche, pari a pi\u00f9 del 40% delle scuole italiane.<\/p>\n<p style=\"text-align: justify;\">Infine, il bando di concorso per il reclutamento di 2.386 dirigenti scolastici non \u00e8 stato ancora emanato e quindi verosimilmente i vincitori di concorso non potranno essere assunti prima del 1\u00b0 settembre 2013. Pertanto non si potr\u00e0 contare su di essi per colmare i vuoti di organico.<\/p>\n<p style=\"text-align: justify;\">Di fronte a tale situazione, con tutta evidenza critica, le scriventi organizzazioni sindacali ritengono assolutamente necessaria l\u2019autorizzazione al mantenimento in servizio di quei dirigenti che l\u2019abbiano richiesto, anche come parziale soluzione dei problemi evidenziati.<\/p>\n<p style=\"text-align: justify;\">Le scriventi organizzazioni rappresentano da ultimo l\u2019urgenza del provvedimento, dal momento che le procedure per l\u2019avvio del prossimo anno scolastico, compresa \u2019attribuzione<\/p>\n<p style=\"text-align: justify;\">dei nuovi incarichi dirigenziali, sono gi\u00e0 in corso.<\/p>\n<p style=\"text-align: justify;\">\n<p>Distinti saluti.<\/p>\n<table border=\"0\">\n<tbody>\n<tr>\n<td style=\"text-align: center;\">ANP CIDA<\/td>\n<td><\/td>\n<td style=\"text-align: center;\">CISL SCUOLA<\/td>\n<td><\/td>\n<td style=\"text-align: center;\">FLC CGIL<\/td>\n<td><\/td>\n<td style=\"text-align: center;\">SNALS CONFSAL<\/td>\n<td><\/td>\n<td style=\"text-align: center;\">UIL SCUOLA<\/td>\n<\/tr>\n<tr>\n<td><em>G. Rembado<\/em><\/td>\n<td><\/td>\n<td style=\"text-align: center;\"><em>M. Guglietti<\/em><\/td>\n<td><\/td>\n<td style=\"text-align: center;\"><em>G. Carlini<\/em><\/td>\n<td><\/td>\n<td style=\"text-align: center;\"><em>P. Ragone<br \/>\n<\/em><\/td>\n<td><\/td>\n<td style=\"text-align: center;\"><em>R. Cirillo<br \/>\n<\/em><\/td>\n<\/tr>\n<\/tbody>\n<\/table>\n","protected":false},"excerpt":{"rendered":"<p>In data odierna lo SNALS-Confsal congiuntamente alle altre OO.SS. ha inviato una nota al Dipartimento per la Funzione Pubblica &#8211; UPPA, al Ministero dell\u2019Economia e Finanze &#8211; Dipartimento della Ragioneria Generale dello Stato, e al MIUR &#8211; Direttore Generale del personale scolastico, per chiedere l\u2019autorizzazione per la permanenza in servizio fino a 67 anni per [&hellip;]<\/p>\n","protected":false},"author":1,"featured_media":0,"comment_status":"closed","ping_status":"closed","sticky":false,"template":"","format":"standard","meta":{"footnotes":""},"categories":[27],"tags":[68,55,70],"class_list":["post-846","post","type-post","status-publish","format-standard","hentry","category-dirigenti-scolastici","tag-comunicati-2","tag-dirigenti-scolastici-2","tag-organizzazioni-sindacali"],"_links":{"self":[{"href":"https:\/\/www.snalsfrosinone.it\/index.php?rest_route=\/wp\/v2\/posts\/846","targetHints":{"allow":["GET"]}}],"collection":[{"href":"https:\/\/www.snalsfrosinone.it\/index.php?rest_route=\/wp\/v2\/posts"}],"about":[{"href":"https:\/\/www.snalsfrosinone.it\/index.php?rest_route=\/wp\/v2\/types\/post"}],"author":[{"embeddable":true,"href":"https:\/\/www.snalsfrosinone.it\/index.php?rest_route=\/wp\/v2\/users\/1"}],"replies":[{"embeddable":true,"href":"https:\/\/www.snalsfrosinone.it\/index.php?rest_route=%2Fwp%2Fv2%2Fcomments&post=846"}],"version-history":[{"count":3,"href":"https:\/\/www.snalsfrosinone.it\/index.php?rest_route=\/wp\/v2\/posts\/846\/revisions"}],"predecessor-version":[{"id":851,"href":"https:\/\/www.snalsfrosinone.it\/index.php?rest_route=\/wp\/v2\/posts\/846\/revisions\/851"}],"wp:attachment":[{"href":"https:\/\/www.snalsfrosinone.it\/index.php?rest_route=%2Fwp%2Fv2%2Fmedia&parent=846"}],"wp:term":[{"taxonomy":"category","embeddable":true,"href":"https:\/\/www.snalsfrosinone.it\/index.php?rest_route=%2Fwp%2Fv2%2Fcategories&post=846"},{"taxonomy":"post_tag","embeddable":true,"href":"https:\/\/www.snalsfrosinone.it\/index.php?rest_route=%2Fwp%2Fv2%2Ftags&post=846"}],"curies":[{"name":"wp","href":"https:\/\/api.w.org\/{rel}","templated":true}]}}