{"id":868,"date":"2011-06-14T23:53:40","date_gmt":"2011-06-14T21:53:40","guid":{"rendered":"http:\/\/snalsfrosinone.it\/?p=868"},"modified":"2013-04-09T14:44:49","modified_gmt":"2013-04-09T12:44:49","slug":"estero-convocazione-delle-oo-ss","status":"publish","type":"post","link":"https:\/\/www.snalsfrosinone.it\/?p=868","title":{"rendered":"Estero &#8211; Convocazione delle OO.SS"},"content":{"rendered":"<p style=\"text-align: justify;\">In data 14\/06\/2011, il MAE \u2013 DGPSP \u2013 Ufficio V \u2013 ha formalmente comunicato che l\u2019incontro fra Parte Pubblica e OO.SS. avr\u00e0 luogo il 21 giugno 2011 per esaminare sia i criteri\u00a0 delle nomine del personale scolastico all\u2019estero per l\u2019a.s. 2011\/12, sia la bozza del bando per l\u2019aggiornamento delle graduatorie permanenti del personale da destinare all\u2019estero.<\/p>\n<p style=\"text-align: justify;\">Finora non si hanno notizie del bando relativo all\u2019indizione delle prove di accertamento della conoscenza delle lingue straniere, malgrado il fatto che i dirigenti dell\u2019Ufficio abbiamo sempre sostenuto che prima si sarebbero dovute concludere le prove d\u2019idoneit\u00e0 linguistica e poi sarebbe stato emanato il bando per l\u2019aggiornamento delle graduatorie.<\/p>\n<p style=\"text-align: justify;\">Non \u00e8 da escludere che il cosiddetto concerto fra MAE e MIUR sul bando delle prove in lingua straniera sia ancora in corso.<\/p>\n<p style=\"text-align: justify;\">Lo SNALS-CONFSAL vigiler\u00e0 sugli sviluppi della situazione, non mancher\u00e0 di contribuirvi costruttivamente e ne riferir\u00e0 con sollecitudine ai colleghi.<\/p>\n","protected":false},"excerpt":{"rendered":"<p>In data 14\/06\/2011, il MAE \u2013 DGPSP \u2013 Ufficio V \u2013 ha formalmente comunicato che l\u2019incontro fra Parte Pubblica e OO.SS. avr\u00e0 luogo il 21 giugno 2011 per esaminare sia i criteri\u00a0 delle nomine del personale scolastico all\u2019estero per l\u2019a.s. 2011\/12, sia la bozza del bando per l\u2019aggiornamento delle graduatorie permanenti del personale da destinare [&hellip;]<\/p>\n","protected":false},"author":1,"featured_media":0,"comment_status":"closed","ping_status":"closed","sticky":false,"template":"","format":"standard","meta":{"footnotes":""},"categories":[36],"tags":[68,71,70],"class_list":["post-868","post","type-post","status-publish","format-standard","hentry","category-estero","tag-comunicati-2","tag-estero-2","tag-organizzazioni-sindacali"],"_links":{"self":[{"href":"https:\/\/www.snalsfrosinone.it\/index.php?rest_route=\/wp\/v2\/posts\/868","targetHints":{"allow":["GET"]}}],"collection":[{"href":"https:\/\/www.snalsfrosinone.it\/index.php?rest_route=\/wp\/v2\/posts"}],"about":[{"href":"https:\/\/www.snalsfrosinone.it\/index.php?rest_route=\/wp\/v2\/types\/post"}],"author":[{"embeddable":true,"href":"https:\/\/www.snalsfrosinone.it\/index.php?rest_route=\/wp\/v2\/users\/1"}],"replies":[{"embeddable":true,"href":"https:\/\/www.snalsfrosinone.it\/index.php?rest_route=%2Fwp%2Fv2%2Fcomments&post=868"}],"version-history":[{"count":3,"href":"https:\/\/www.snalsfrosinone.it\/index.php?rest_route=\/wp\/v2\/posts\/868\/revisions"}],"predecessor-version":[{"id":870,"href":"https:\/\/www.snalsfrosinone.it\/index.php?rest_route=\/wp\/v2\/posts\/868\/revisions\/870"}],"wp:attachment":[{"href":"https:\/\/www.snalsfrosinone.it\/index.php?rest_route=%2Fwp%2Fv2%2Fmedia&parent=868"}],"wp:term":[{"taxonomy":"category","embeddable":true,"href":"https:\/\/www.snalsfrosinone.it\/index.php?rest_route=%2Fwp%2Fv2%2Fcategories&post=868"},{"taxonomy":"post_tag","embeddable":true,"href":"https:\/\/www.snalsfrosinone.it\/index.php?rest_route=%2Fwp%2Fv2%2Ftags&post=868"}],"curies":[{"name":"wp","href":"https:\/\/api.w.org\/{rel}","templated":true}]}}