{"id":934,"date":"2011-07-05T23:18:44","date_gmt":"2011-07-05T21:18:44","guid":{"rendered":"http:\/\/snalsfrosinone.it\/?p=934"},"modified":"2011-07-06T23:20:10","modified_gmt":"2011-07-06T21:20:10","slug":"graduatorie-di-istituto-personale-docente-e-educativo","status":"publish","type":"post","link":"https:\/\/www.snalsfrosinone.it\/?p=934","title":{"rendered":"Graduatorie di istituto personale docente e educativo"},"content":{"rendered":"<p style=\"text-align: justify;\">Nell\u2019ambito della riunione al MIUR, relativa alle utilizzazioni e assegnazioni provvisorie, la delegazione SNALS-Confsal,  facendosi interprete delle giuste, continue e pressanti richieste delle  strutture provinciali e regionali del Sindacato e dei diretti  interessati, ha, ancora una volta, sollecitato l\u2019emanazione del D.M. relativo alla  formulazione delle graduatorie di istituto di II e III fascia per il  personale docente, con l\u2019utilizzo, anche relativamente alla III fascia,  della vecchia tabella di valutazione.<!--more--><\/p>\n<p style=\"text-align: justify;\">La  delegazione MIUR ha comunicato la volont\u00e0 di emanare, quanto prima, il  D.M. non appena sar\u00e0 approvato il decreto 70, in corso di conversione,  in modo da prevedere la triennalit\u00e0 di validit\u00e0 delle graduatorie. Ha precisato, altres\u00ec, che il D.M. utilizzer\u00e0 la vecchia tabella di valutazione.<\/p>\n<p style=\"text-align: justify;\">La nostra delegazione ha richiesto di emanare subito il D.M.,  modificando, poi, dopo la conversione del decreto legge, il periodo di  validit\u00e0 delle graduatorie di istituto da biennale a triennale; ci\u00f2 per  non perdere ulteriori giorni; l\u2019Amministrazione si \u00e8 riservata una  valutazione sul tale ultima richiesta; \u00e8 prevedibile, quindi, che la  presentazione delle domande debba avviarsi a partire dalla prossima  settimana.<\/p>\n","protected":false},"excerpt":{"rendered":"<p>Nell\u2019ambito della riunione al MIUR, relativa alle utilizzazioni e assegnazioni provvisorie, la delegazione SNALS-Confsal, facendosi interprete delle giuste, continue e pressanti richieste delle strutture provinciali e regionali del Sindacato e dei diretti interessati, ha, ancora una volta, sollecitato l\u2019emanazione del D.M. relativo alla formulazione delle graduatorie di istituto di II e III fascia per il [&hellip;]<\/p>\n","protected":false},"author":1,"featured_media":0,"comment_status":"closed","ping_status":"closed","sticky":false,"template":"","format":"standard","meta":{"footnotes":""},"categories":[20],"tags":[],"class_list":["post-934","post","type-post","status-publish","format-standard","hentry","category-personale-docente"],"_links":{"self":[{"href":"https:\/\/www.snalsfrosinone.it\/index.php?rest_route=\/wp\/v2\/posts\/934","targetHints":{"allow":["GET"]}}],"collection":[{"href":"https:\/\/www.snalsfrosinone.it\/index.php?rest_route=\/wp\/v2\/posts"}],"about":[{"href":"https:\/\/www.snalsfrosinone.it\/index.php?rest_route=\/wp\/v2\/types\/post"}],"author":[{"embeddable":true,"href":"https:\/\/www.snalsfrosinone.it\/index.php?rest_route=\/wp\/v2\/users\/1"}],"replies":[{"embeddable":true,"href":"https:\/\/www.snalsfrosinone.it\/index.php?rest_route=%2Fwp%2Fv2%2Fcomments&post=934"}],"version-history":[{"count":2,"href":"https:\/\/www.snalsfrosinone.it\/index.php?rest_route=\/wp\/v2\/posts\/934\/revisions"}],"predecessor-version":[{"id":936,"href":"https:\/\/www.snalsfrosinone.it\/index.php?rest_route=\/wp\/v2\/posts\/934\/revisions\/936"}],"wp:attachment":[{"href":"https:\/\/www.snalsfrosinone.it\/index.php?rest_route=%2Fwp%2Fv2%2Fmedia&parent=934"}],"wp:term":[{"taxonomy":"category","embeddable":true,"href":"https:\/\/www.snalsfrosinone.it\/index.php?rest_route=%2Fwp%2Fv2%2Fcategories&post=934"},{"taxonomy":"post_tag","embeddable":true,"href":"https:\/\/www.snalsfrosinone.it\/index.php?rest_route=%2Fwp%2Fv2%2Ftags&post=934"}],"curies":[{"name":"wp","href":"https:\/\/api.w.org\/{rel}","templated":true}]}}