{"id":979,"date":"2011-07-12T23:15:33","date_gmt":"2011-07-12T21:15:33","guid":{"rendered":"http:\/\/snalsfrosinone.it\/?p=979"},"modified":"2011-07-12T23:15:33","modified_gmt":"2011-07-12T21:15:33","slug":"estero-incontro-oo-ss-mae-sulle-nuove-nomine","status":"publish","type":"post","link":"https:\/\/www.snalsfrosinone.it\/?p=979","title":{"rendered":"Estero: Incontro OO.SS. &#8211; MAE sulle nuove nomine"},"content":{"rendered":"<p style=\"text-align: justify;\">Come preannunciato, venerd\u00ec 8 luglio 2011 si \u00e8 svolto un altro incontro fra Sindacati e delegazione di Parte Pubblica, dedicato quasi esclusivamente all\u2019esame dei criteri relativi al conferimento delle nuove nomine.<!--more--><\/p>\n<p style=\"text-align: justify;\">Le parti, dopo aver ribadito le motivazioni delle proprie richieste, hanno convenuto di studiare la possibilit\u00e0 di creare un testo condiviso, ed a tal fine le OO.SS. sono state invitate ad esporre per iscritto le proprie motivate richieste che possano fondersi con i criteri ipotizzati dall\u2019Ufficio V della DGSP.<\/p>\n<p style=\"text-align: justify;\">Le OO.SS. hanno accettato questo invito e si sono riservate di presentare, in tempi brevi, le aggiunte da apportare al testo ministeriale, sempre nell\u2019ambito dei principi posti dalla vigente normativa e dal CCNL.<\/p>\n<p style=\"text-align: justify;\">Vi sono &#8211; pertanto &#8211; validi motivi per ritenere che entro il 20 p.v. si possa firmare un \u201cavviso comune\u201d avente per oggetto i criteri in questione.<\/p>\n<p style=\"text-align: justify;\">Proseguir\u00e0 nella settimana prossima l\u2019esame del decreto interministeriale per l\u2019indizione delle prove di accertamento della lingua straniera nella prospettiva di licenziare il testo definitivo, da pubblicare probabilmente entro il corrente mese. Ci\u00f2 consentir\u00e0 di far sostenere gli esami entro il corrente anno e di emanare nel 2012 l\u2019O.M. per l\u2019aggiornamento delle graduatorie da utilizzare per le nomine relative all\u2019a.s. 2013\/2014.<\/p>\n<p style=\"text-align: justify;\">Infine \u00e8 stato approvato il profilo del Dirigente Scolastico all\u2019estero, che sar\u00e0 reso noto nella sua forma definitiva entro pochi giorni. Una volta diffuso, esso sar\u00e0 operativo e consentir\u00e0 ai dirigenti scolastici di operare serenamente entro il sicuro orizzonte della legalit\u00e0 e dell\u2019autonomia.<\/p>\n","protected":false},"excerpt":{"rendered":"<p>Come preannunciato, venerd\u00ec 8 luglio 2011 si \u00e8 svolto un altro incontro fra Sindacati e delegazione di Parte Pubblica, dedicato quasi esclusivamente all\u2019esame dei criteri relativi al conferimento delle nuove nomine.<\/p>\n","protected":false},"author":1,"featured_media":0,"comment_status":"closed","ping_status":"closed","sticky":false,"template":"","format":"standard","meta":{"footnotes":""},"categories":[36],"tags":[],"class_list":["post-979","post","type-post","status-publish","format-standard","hentry","category-estero"],"_links":{"self":[{"href":"https:\/\/www.snalsfrosinone.it\/index.php?rest_route=\/wp\/v2\/posts\/979","targetHints":{"allow":["GET"]}}],"collection":[{"href":"https:\/\/www.snalsfrosinone.it\/index.php?rest_route=\/wp\/v2\/posts"}],"about":[{"href":"https:\/\/www.snalsfrosinone.it\/index.php?rest_route=\/wp\/v2\/types\/post"}],"author":[{"embeddable":true,"href":"https:\/\/www.snalsfrosinone.it\/index.php?rest_route=\/wp\/v2\/users\/1"}],"replies":[{"embeddable":true,"href":"https:\/\/www.snalsfrosinone.it\/index.php?rest_route=%2Fwp%2Fv2%2Fcomments&post=979"}],"version-history":[{"count":1,"href":"https:\/\/www.snalsfrosinone.it\/index.php?rest_route=\/wp\/v2\/posts\/979\/revisions"}],"predecessor-version":[{"id":980,"href":"https:\/\/www.snalsfrosinone.it\/index.php?rest_route=\/wp\/v2\/posts\/979\/revisions\/980"}],"wp:attachment":[{"href":"https:\/\/www.snalsfrosinone.it\/index.php?rest_route=%2Fwp%2Fv2%2Fmedia&parent=979"}],"wp:term":[{"taxonomy":"category","embeddable":true,"href":"https:\/\/www.snalsfrosinone.it\/index.php?rest_route=%2Fwp%2Fv2%2Fcategories&post=979"},{"taxonomy":"post_tag","embeddable":true,"href":"https:\/\/www.snalsfrosinone.it\/index.php?rest_route=%2Fwp%2Fv2%2Ftags&post=979"}],"curies":[{"name":"wp","href":"https:\/\/api.w.org\/{rel}","templated":true}]}}