{"id":995,"date":"2011-07-13T18:34:56","date_gmt":"2011-07-13T16:34:56","guid":{"rendered":"http:\/\/snalsfrosinone.it\/?p=995"},"modified":"2011-07-16T18:36:39","modified_gmt":"2011-07-16T16:36:39","slug":"siglato-il-nuovo-ccni-a-f-a-m-lo-snals-contrario-allimpianto-del-testo-e-ai-criteri-di-ripartizione-delle-risorse-del-fondo-di-istituto","status":"publish","type":"post","link":"https:\/\/www.snalsfrosinone.it\/?p=995","title":{"rendered":"Siglato il nuovo CCNI A.F.A.M. &#8211; Lo SNALS contrario all&#8217;impianto del testo e ai criteri di ripartizione delle risorse del fondo di istituto"},"content":{"rendered":"<p style=\"text-align: justify;\">Nella giornata del 12\/7 \u00e8 stato\u00a0<strong>siglato il nuovo Contratto Collettivo Nazionale Integrativo<\/strong>\u00a0per l\u2019utilizzo del fondo d\u2019istituto relativo al personale del comparto delle Istituzioni di Alta Formazione e Specializzazione Artistica e Musicale.<!--more--><\/p>\n<p style=\"text-align: justify;\">Lo Snals-Confsal, non condividendo l&#8217;impianto del testo, non ha sottoscritto l&#8217;accordo le cui motivazioni si legggono nel seguente comunicato:<\/p>\n<p style=\"text-align: justify;\">\n<p style=\"text-align: justify;\"><em>CCNI AFAM &#8211; Lo SNALS contrario all&#8217;impianto del testo e ai criteri di ripartizione delle risorse del fondo di istituto<\/em><\/p>\n<p style=\"text-align: justify;\" align=\"center\">\n<p style=\"text-align: justify;\" align=\"center\"><strong><em>Comunicato<\/em><\/strong><\/p>\n<p style=\"text-align: justify;\">In riferimento al Contratto Collettivo Integrativo Nazionale relativo al personale del comparto dell&#8217;Alta Formazione Artistica Musicale e Coreutica lo SNALS-Conf.S.A.L. annuncia di non aver siglato l&#8217;Accordo in quanto contrario all&#8217;impianto del testo e ai criteri secondo i quali si \u00e8 proceduto alla ripartizione delle risorse rivenienti dal fondo di istituto.<\/p>\n<p style=\"text-align: justify;\">Lo SNALS-Conf.S.A.L., consapevole dell&#8217;apporto insostituibile di tutte le componenti del personale al buon funzionamento ed al perseguimento delle finalit\u00e0 delle Istituzioni dell&#8217;Alta formazione artistica musicale e coreutica, non pu\u00f2 esimersi dal rilevare come l&#8217;accordo appaia sotto diversi profili assolutamente non condivisibile e penalizzante ed abbia introdotto ingiustificate sperequazioni tra le varie categorie di personale, particolarmente in danno del personale docente, apportando un pesante colpo alla contrattazione di istituto.<\/p>\n<p style=\"text-align: justify;\">Il testo sar\u00e0 esaminato dai nostri uffici legali per un attento esame atto a verificare se si ravvisino elementi di illegittimit\u00e0. Lo SNALS-Conf.S.A.L.si riserva dunque di rendere noti pi\u00f9 dettagliatamente, nei prossimi giorni, i motivi alla base della non sottoscrizione e le eventuali azioni a difesa di tutte le componenti della categoria.<\/p>\n<p style=\"text-align: justify;\">\n<p style=\"text-align: justify;\">\n","protected":false},"excerpt":{"rendered":"<p>Nella giornata del 12\/7 \u00e8 stato\u00a0siglato il nuovo Contratto Collettivo Nazionale Integrativo\u00a0per l\u2019utilizzo del fondo d\u2019istituto relativo al personale del comparto delle Istituzioni di Alta Formazione e Specializzazione Artistica e Musicale.<\/p>\n","protected":false},"author":1,"featured_media":0,"comment_status":"closed","ping_status":"closed","sticky":false,"template":"","format":"standard","meta":{"footnotes":""},"categories":[12],"tags":[],"class_list":["post-995","post","type-post","status-publish","format-standard","hentry","category-ultime-notizie"],"_links":{"self":[{"href":"https:\/\/www.snalsfrosinone.it\/index.php?rest_route=\/wp\/v2\/posts\/995","targetHints":{"allow":["GET"]}}],"collection":[{"href":"https:\/\/www.snalsfrosinone.it\/index.php?rest_route=\/wp\/v2\/posts"}],"about":[{"href":"https:\/\/www.snalsfrosinone.it\/index.php?rest_route=\/wp\/v2\/types\/post"}],"author":[{"embeddable":true,"href":"https:\/\/www.snalsfrosinone.it\/index.php?rest_route=\/wp\/v2\/users\/1"}],"replies":[{"embeddable":true,"href":"https:\/\/www.snalsfrosinone.it\/index.php?rest_route=%2Fwp%2Fv2%2Fcomments&post=995"}],"version-history":[{"count":1,"href":"https:\/\/www.snalsfrosinone.it\/index.php?rest_route=\/wp\/v2\/posts\/995\/revisions"}],"predecessor-version":[{"id":996,"href":"https:\/\/www.snalsfrosinone.it\/index.php?rest_route=\/wp\/v2\/posts\/995\/revisions\/996"}],"wp:attachment":[{"href":"https:\/\/www.snalsfrosinone.it\/index.php?rest_route=%2Fwp%2Fv2%2Fmedia&parent=995"}],"wp:term":[{"taxonomy":"category","embeddable":true,"href":"https:\/\/www.snalsfrosinone.it\/index.php?rest_route=%2Fwp%2Fv2%2Fcategories&post=995"},{"taxonomy":"post_tag","embeddable":true,"href":"https:\/\/www.snalsfrosinone.it\/index.php?rest_route=%2Fwp%2Fv2%2Ftags&post=995"}],"curies":[{"name":"wp","href":"https:\/\/api.w.org\/{rel}","templated":true}]}}